{"id":9099,"date":"2017-03-14T16:18:30","date_gmt":"2017-03-14T15:18:30","guid":{"rendered":"http:\/\/www.kirche-obercrinitz.de\/wordpress\/?p=9099"},"modified":"2023-01-02T09:17:03","modified_gmt":"2023-01-02T08:17:03","slug":"bist-du-behindert-wen-behinderst-du","status":"publish","type":"post","link":"https:\/\/www.kirche-obercrinitz.de\/wordpress\/2017\/03\/bist-du-behindert-wen-behinderst-du\/","title":{"rendered":"Bist Du behindert? Wen behinderst Du?"},"content":{"rendered":"<p><a id=\"set-post-thumbnail\" class=\"thickbox\" href=\"https:\/\/www.kirche-obercrinitz.de\/wordpress\/wp-admin\/media-upload.php?post_id=9099&amp;type=image&amp;TB_iframe=1\"><img loading=\"lazy\" decoding=\"async\" class=\"attachment-266x266 alignleft\" src=\"https:\/\/www.kirche-obercrinitz.de\/wordpress\/wp-content\/uploads\/2017\/03\/JuB.jpg\" sizes=\"(max-width: 266px) 100vw, 266px\" srcset=\"https:\/\/www.kirche-obercrinitz.de\/wordpress\/wp-content\/uploads\/2017\/03\/JuB.jpg 1100w, https:\/\/www.kirche-obercrinitz.de\/wordpress\/wp-content\/uploads\/2017\/03\/JuB-300x105.jpg 300w, https:\/\/www.kirche-obercrinitz.de\/wordpress\/wp-content\/uploads\/2017\/03\/JuB-768x268.jpg 768w, https:\/\/www.kirche-obercrinitz.de\/wordpress\/wp-content\/uploads\/2017\/03\/JuB-1024x357.jpg 1024w\" alt=\"\" width=\"297\" height=\"104\"><\/a>Integration, Inklusion, Barrierefrei &#8230; Gro\u00dfe Worte dieser Tage. Und es lohnt sich, die mal genauer durchzubuchstabieren. Dabei hilft uns ein Team aus dem Landesjugendpfarramt &#8211; Bereich <a href=\"http:\/\/www.evjusa.de\/jub-sachsen.html\">Barrierefrei <\/a>(ehemals Behindertendienst).<\/p>\n<p>So laden wir zur barrierefreien Zeit ein \ud83d\ude09 um 10 Uhr am kommenden Sonntag <!--more-->in die Obercrinitzer Kirche zum Gottesdienst. Manche Elemente des Gottesdienstes werden wir ganz neu entdecken und mit anderen Augen sehen lernen (m\u00fcssen). Wo wird unsere Sprache f\u00fcr andere zur Barriere? Sind Bibeltexte in leichter Sprache schwerer verdaulich? Rollstuhl und Geb\u00e4rdensprache sind in unserer Kirche selten anzutreffen &#8211; warum eigentlich? Das wird spannend und ich freue mich drauf. (Auch, dass meine Schwester dabei sein wird &#8230;). Bis dahin &#8211; Pfarrer Jonas Gro\u00dfmann<\/p>\n","protected":false},"excerpt":{"rendered":"<p>Integration, Inklusion, Barrierefrei &#8230; Gro\u00dfe Worte dieser Tage. Und es lohnt sich, die mal genauer durchzubuchstabieren. Dabei hilft uns ein Team aus dem Landesjugendpfarramt &#8211; Bereich Barrierefrei (ehemals Behindertendienst). So laden wir zur barrierefreien&#46;&#46;&#46;<\/p>\n","protected":false},"author":225,"featured_media":9100,"comment_status":"open","ping_status":"open","sticky":false,"template":"","format":"standard","meta":{"ngg_post_thumbnail":0,"footnotes":""},"categories":[161],"tags":[],"class_list":["post-9099","post","type-post","status-publish","format-standard","has-post-thumbnail","hentry","category-gemeinsam"],"_links":{"self":[{"href":"https:\/\/www.kirche-obercrinitz.de\/wordpress\/wp-json\/wp\/v2\/posts\/9099"}],"collection":[{"href":"https:\/\/www.kirche-obercrinitz.de\/wordpress\/wp-json\/wp\/v2\/posts"}],"about":[{"href":"https:\/\/www.kirche-obercrinitz.de\/wordpress\/wp-json\/wp\/v2\/types\/post"}],"author":[{"embeddable":true,"href":"https:\/\/www.kirche-obercrinitz.de\/wordpress\/wp-json\/wp\/v2\/users\/225"}],"replies":[{"embeddable":true,"href":"https:\/\/www.kirche-obercrinitz.de\/wordpress\/wp-json\/wp\/v2\/comments?post=9099"}],"version-history":[{"count":4,"href":"https:\/\/www.kirche-obercrinitz.de\/wordpress\/wp-json\/wp\/v2\/posts\/9099\/revisions"}],"predecessor-version":[{"id":10178,"href":"https:\/\/www.kirche-obercrinitz.de\/wordpress\/wp-json\/wp\/v2\/posts\/9099\/revisions\/10178"}],"wp:featuredmedia":[{"embeddable":true,"href":"https:\/\/www.kirche-obercrinitz.de\/wordpress\/wp-json\/wp\/v2\/media\/9100"}],"wp:attachment":[{"href":"https:\/\/www.kirche-obercrinitz.de\/wordpress\/wp-json\/wp\/v2\/media?parent=9099"}],"wp:term":[{"taxonomy":"category","embeddable":true,"href":"https:\/\/www.kirche-obercrinitz.de\/wordpress\/wp-json\/wp\/v2\/categories?post=9099"},{"taxonomy":"post_tag","embeddable":true,"href":"https:\/\/www.kirche-obercrinitz.de\/wordpress\/wp-json\/wp\/v2\/tags?post=9099"}],"curies":[{"name":"wp","href":"https:\/\/api.w.org\/{rel}","templated":true}]}}