{"id":9059,"date":"2017-03-13T16:29:46","date_gmt":"2017-03-13T15:29:46","guid":{"rendered":"http:\/\/www.kirche-obercrinitz.de\/wordpress\/?p=9059"},"modified":"2023-01-02T09:17:03","modified_gmt":"2023-01-02T08:17:03","slug":"openaccess-19-3-hast-du-angst-oder-hat-sie-dich","status":"publish","type":"post","link":"https:\/\/www.kirche-obercrinitz.de\/wordpress\/2017\/03\/openaccess-19-3-hast-du-angst-oder-hat-sie-dich\/","title":{"rendered":"OpenAccess 19.3. &#8211; Hast Du Angst? Oder hat sie Dich?"},"content":{"rendered":"<p><span style=\"font-size: large;\"><a id=\"set-post-thumbnail\" class=\"thickbox\" href=\"https:\/\/www.kirche-obercrinitz.de\/wordpress\/wp-content\/uploads\/2017\/03\/OA-19.3.-Angst.jpg\"><img loading=\"lazy\" decoding=\"async\" class=\"attachment-266x266 alignleft\" src=\"https:\/\/www.kirche-obercrinitz.de\/wordpress\/wp-content\/uploads\/2017\/03\/OA-19.3.-Angst.jpg\" sizes=\"(max-width: 195px) 100vw, 195px\" srcset=\"https:\/\/www.kirche-obercrinitz.de\/wordpress\/wp-content\/uploads\/2017\/03\/OA-19.3.-Angst.jpg 2520w, https:\/\/www.kirche-obercrinitz.de\/wordpress\/wp-content\/uploads\/2017\/03\/OA-19.3.-Angst-220x300.jpg 220w, https:\/\/www.kirche-obercrinitz.de\/wordpress\/wp-content\/uploads\/2017\/03\/OA-19.3.-Angst-768x1047.jpg 768w, https:\/\/www.kirche-obercrinitz.de\/wordpress\/wp-content\/uploads\/2017\/03\/OA-19.3.-Angst-751x1024.jpg 751w\" width=\"248\" height=\"338\" \/><\/a><\/span>Heutzutage haben viele Menschen Angst vor der Zukunft. Was werden Trump, Putin und Co. zustande bringen?<br \/>\nAngst vor Spinnen, Angst vor Krankheit, Angst vor Entscheidung, Angst vor &#8230; Wir sieht es bei Dir aus? V\u00f6llig angstfrei habe ich noch keinen Menschen kennen gelernt.<\/p>\n<p>Bringt Euch und Eure<strong><em> \u00e4ngsten Freunde<\/em><\/strong> mit in die Wildenauer <!--more-->Kirche &#8211;<strong> am 19. M\u00e4rz um 17.17 Uhr: Zum OpenAccess &#8211; Der Offene Abend f\u00fcr moderne und junggebliebene Leute, Gott zu begegnen.<\/strong><em> Mit Live-Musik (Lobpreis!), Kreuzverh\u00f6r, Snacks sowie die Zeit um durchzuatmen und Gott zu begegnen. (F\u00fcr Kinderbetreuung ist gesorgt!)<\/em><\/p>\n<p>Ich lade Euch alle dazu herzlich ein! Und ich freue mich, wenn Ihr am 19. M\u00e4rz vorbei schaut. Am Besten gemeinsam mit\u00a0 Freunden und &#8230; Also: Bitte Weitersagen! Bis dahin, viele Gr\u00fc\u00dfe &#8211; im Namen des Vorbereitungsteams, Pfr. Jonas Gro\u00dfmann<\/p>\n<p>F\u00fcr hohe Sicherheit w\u00e4hrend der Veranstaltung ist gesorgt.<\/p>\n","protected":false},"excerpt":{"rendered":"<p>Heutzutage haben viele Menschen Angst vor der Zukunft. Was werden Trump, Putin und Co. zustande bringen? Angst vor Spinnen, Angst vor Krankheit, Angst vor Entscheidung, Angst vor &#8230; Wir sieht es bei Dir aus?&#46;&#46;&#46;<\/p>\n","protected":false},"author":225,"featured_media":9061,"comment_status":"open","ping_status":"open","sticky":false,"template":"","format":"standard","meta":{"ngg_post_thumbnail":0,"footnotes":""},"categories":[161],"tags":[],"class_list":["post-9059","post","type-post","status-publish","format-standard","has-post-thumbnail","hentry","category-gemeinsam"],"_links":{"self":[{"href":"https:\/\/www.kirche-obercrinitz.de\/wordpress\/wp-json\/wp\/v2\/posts\/9059"}],"collection":[{"href":"https:\/\/www.kirche-obercrinitz.de\/wordpress\/wp-json\/wp\/v2\/posts"}],"about":[{"href":"https:\/\/www.kirche-obercrinitz.de\/wordpress\/wp-json\/wp\/v2\/types\/post"}],"author":[{"embeddable":true,"href":"https:\/\/www.kirche-obercrinitz.de\/wordpress\/wp-json\/wp\/v2\/users\/225"}],"replies":[{"embeddable":true,"href":"https:\/\/www.kirche-obercrinitz.de\/wordpress\/wp-json\/wp\/v2\/comments?post=9059"}],"version-history":[{"count":8,"href":"https:\/\/www.kirche-obercrinitz.de\/wordpress\/wp-json\/wp\/v2\/posts\/9059\/revisions"}],"predecessor-version":[{"id":9098,"href":"https:\/\/www.kirche-obercrinitz.de\/wordpress\/wp-json\/wp\/v2\/posts\/9059\/revisions\/9098"}],"wp:featuredmedia":[{"embeddable":true,"href":"https:\/\/www.kirche-obercrinitz.de\/wordpress\/wp-json\/wp\/v2\/media\/9061"}],"wp:attachment":[{"href":"https:\/\/www.kirche-obercrinitz.de\/wordpress\/wp-json\/wp\/v2\/media?parent=9059"}],"wp:term":[{"taxonomy":"category","embeddable":true,"href":"https:\/\/www.kirche-obercrinitz.de\/wordpress\/wp-json\/wp\/v2\/categories?post=9059"},{"taxonomy":"post_tag","embeddable":true,"href":"https:\/\/www.kirche-obercrinitz.de\/wordpress\/wp-json\/wp\/v2\/tags?post=9059"}],"curies":[{"name":"wp","href":"https:\/\/api.w.org\/{rel}","templated":true}]}}