{"id":904,"date":"2010-05-09T16:40:02","date_gmt":"2010-05-09T15:40:02","guid":{"rendered":"http:\/\/www.kirche-obercrinitz.de\/wordpress\/?p=904"},"modified":"2015-03-01T14:26:24","modified_gmt":"2015-03-01T13:26:24","slug":"kinderkirchentag-2010","status":"publish","type":"post","link":"https:\/\/www.kirche-obercrinitz.de\/wordpress\/2010\/05\/kinderkirchentag-2010\/","title":{"rendered":"KinderKirchenTag 2010"},"content":{"rendered":"<p>&#8220;Ich bin sooo aufgeregt!&#8221;<br \/>\nDazu hatten die M\u00e4dels und Jungs der Christenlehre am Samstag auch jeden Grund: wir fuhren gemeinsam zum Kinderkirchentag nach Zwickau. Hier trafen sich ca. 300 Kindern zu einer Entdeckerreise durch`s &#8220;Vater Unser&#8221;.<!--more--><\/p>\n<p>An vielen Stationen konnten wir die Bedeutung der einzelnen Zeilen dieses Gebetes erfahren. So konnten wir zum Beispiel etwas von &#8220;Tante `Oh gottchen`&#8221; (denn: &#8220;Geheiligt werde dein Name.&#8221;) erfahren oder unsere kleinen und gr\u00f6\u00dferen Vergehen an ein Kreuz nageln (&#8220;Vergib` uns unsere Schuld&#8221;).<\/p>\n<p>Unsere liebe D\u00f6rte hat uns w\u00e4hrend des ganzen Tages an der &#8220;Nahrungsstation&#8221; mit vielen leckeren Dingen versorgt: Schnittchen, \u00c4pfel, Getr\u00e4nke, Eis,&#8230;<\/p>\n<p>09.00 Uhr ging es an der Kirche in Obercrinitz los nach Zwickau, halb 4 waren wir wieder da! 6 Stunden Aufregung, da waren am Ende alle ganz sch\u00f6n m\u00fcde &#8211; aber auch begeistert: alle 8 Kinder wollen n\u00e4chstes Jahr wieder mitfahren!<\/p>\n<p>F\u00fcr diesen gelungenen Tag danken wir allen Gemeindep\u00e4dagogInnen und allen HelferInnen!<\/p>\n","protected":false},"excerpt":{"rendered":"<p>&#8220;Ich bin sooo aufgeregt!&#8221; Dazu hatten die M\u00e4dels und Jungs der Christenlehre am Samstag auch jeden Grund: wir fuhren gemeinsam zum Kinderkirchentag nach Zwickau. Hier trafen sich ca. 300 Kindern zu einer Entdeckerreise durch`s&#46;&#46;&#46;<\/p>\n","protected":false},"author":2,"featured_media":0,"comment_status":"open","ping_status":"open","sticky":false,"template":"","format":"standard","meta":{"ngg_post_thumbnail":0,"footnotes":""},"categories":[21],"tags":[],"class_list":["post-904","post","type-post","status-publish","format-standard","hentry","category-allianz"],"_links":{"self":[{"href":"https:\/\/www.kirche-obercrinitz.de\/wordpress\/wp-json\/wp\/v2\/posts\/904"}],"collection":[{"href":"https:\/\/www.kirche-obercrinitz.de\/wordpress\/wp-json\/wp\/v2\/posts"}],"about":[{"href":"https:\/\/www.kirche-obercrinitz.de\/wordpress\/wp-json\/wp\/v2\/types\/post"}],"author":[{"embeddable":true,"href":"https:\/\/www.kirche-obercrinitz.de\/wordpress\/wp-json\/wp\/v2\/users\/2"}],"replies":[{"embeddable":true,"href":"https:\/\/www.kirche-obercrinitz.de\/wordpress\/wp-json\/wp\/v2\/comments?post=904"}],"version-history":[{"count":2,"href":"https:\/\/www.kirche-obercrinitz.de\/wordpress\/wp-json\/wp\/v2\/posts\/904\/revisions"}],"predecessor-version":[{"id":906,"href":"https:\/\/www.kirche-obercrinitz.de\/wordpress\/wp-json\/wp\/v2\/posts\/904\/revisions\/906"}],"wp:attachment":[{"href":"https:\/\/www.kirche-obercrinitz.de\/wordpress\/wp-json\/wp\/v2\/media?parent=904"}],"wp:term":[{"taxonomy":"category","embeddable":true,"href":"https:\/\/www.kirche-obercrinitz.de\/wordpress\/wp-json\/wp\/v2\/categories?post=904"},{"taxonomy":"post_tag","embeddable":true,"href":"https:\/\/www.kirche-obercrinitz.de\/wordpress\/wp-json\/wp\/v2\/tags?post=904"}],"curies":[{"name":"wp","href":"https:\/\/api.w.org\/{rel}","templated":true}]}}