{"id":8501,"date":"2016-12-01T09:57:38","date_gmt":"2016-12-01T08:57:38","guid":{"rendered":"http:\/\/www.kirche-obercrinitz.de\/wordpress\/?p=8501"},"modified":"2023-01-02T10:39:12","modified_gmt":"2023-01-02T09:39:12","slug":"wind-of-change","status":"publish","type":"post","link":"https:\/\/www.kirche-obercrinitz.de\/wordpress\/2016\/12\/wind-of-change\/","title":{"rendered":"Wind Of Change"},"content":{"rendered":"<p><a href=\"https:\/\/www.kirche-obercrinitz.de\/wordpress\/wp-content\/uploads\/2016\/10\/Luther2017Logo_RGB.jpg\" rel=\"attachment wp-att-8429\"><img loading=\"lazy\" decoding=\"async\" class=\" wp-image-8429 alignleft\" src=\"https:\/\/www.kirche-obercrinitz.de\/wordpress\/wp-content\/uploads\/2016\/10\/Luther2017Logo_RGB-195x300.jpg\" alt=\"LutherLogo_50\" width=\"90\" height=\"138\" srcset=\"https:\/\/www.kirche-obercrinitz.de\/wordpress\/wp-content\/uploads\/2016\/10\/Luther2017Logo_RGB-195x300.jpg 195w, https:\/\/www.kirche-obercrinitz.de\/wordpress\/wp-content\/uploads\/2016\/10\/Luther2017Logo_RGB.jpg 567w\" sizes=\"(max-width: 90px) 100vw, 90px\" \/><\/a><\/p>\n<p>&nbsp;<\/p>\n<p>Dieser Beitrag \u00a0m\u00fcsste eigentlich zu einem sp\u00e4teren Zeitpunkt erscheinen, doch aus aktuellem Anlass schauen wir jetzt schon mal nach Skandinavien&#8230;<!--more--><!--more--><\/p>\n<p>D\u00e4nemark war das erste Reich der Reformation und K\u00f6nig Christian III. war der erste lutherische Herrscher der Geschichte. Bis Ende des 16.Jh. werden auch noch Schweden, Norwegen und Finnland feste\u00a0 Burgen des lutherischen Glaubens.<\/p>\n<p>Der junge Christian befindet sich 1521 auf einer Bildungsreise durch Deutschland. In Worms erlebt er Luthers Auftritt und ist tief beeindruckt. Er wird zu einem \u00fcberzeugten Anh\u00e4nger des Reformators. Doch als 1523 sein Vater Friedrich I. den Thron besteigt, muss er dem \u00a0Katholischen Reichsrat versprechen nie einem J\u00fcnger Luthers oder anderen zu erlauben gegen die r\u00f6mische Kirche zu predigen oder zu lehren. Er l\u00e4sst jedoch protestantische Prediger gew\u00e4hren und billigt, dass die Reformation immer mehr Anh\u00e4nger gewinnt. Die Schw\u00e4chung der Kirche und damit der Bisch\u00f6fe im Reichsrat passt ihm gut. Prinz Christian weist sogar die Pfarrer in dem von ihm verwalteten Bezirk an, lutherisch zu predigen. Der Reichsrat will ihn deshalb nach dem Tod seines Vaters nicht zum K\u00f6nig w\u00e4hlen und versucht w\u00e4hrend der ausgesetzten Wahl gegen die evangelische Bewegung vorzugehen. Dabei kommt es fast zum B\u00fcrgerkrieg. Kopenhagen und Malm\u00f6 rebellieren gegen den Reichsrat, das mit den St\u00e4dten verb\u00fcndete L\u00fcbeck schickt S\u00f6ldner weil es um Handelsprivilegien f\u00fcrchtet. In J\u00fctland kommt es auch noch zu einem Bauernaufstand.<\/p>\n<p>Christian wird nun doch zum\u00a0 K\u00f6nig gew\u00e4hlt, um die Lage zu beruhigen. Er schl\u00e4gt den Bauernaufstand schnell nieder, befriedet die St\u00e4dte und reitet 1536 in die Hauptstadt ein. Jetzt\u00a0 greift er durch: Der Adel muss sich unterwerfen, Bisch\u00f6fe werden verhaftet und angeklagt, den Krieg verschuldet zu haben. Am Ende gibt es keinen Widerstand mehr.<\/p>\n<p>Als n\u00e4chsten Schritt\u00a0 bittet K\u00f6nig Christian den Kurf\u00fcrsten von Sachsen ihn Johannes Bugenhagen zu schicken. Bugenhagen ist ein Freund und Mitarbeiter Luthers. Er hat in Norddeutschland Kirchenordnungen verfasst und bei deren Umsetzung geholfen. Pfarrer Bugenhagen\u00a0 trifft im Juli 1537 in Kopenhagen ein. Am 12. August wird Christian nochmal offiziell von ihm zum K\u00f6nig gekr\u00f6nt. Es ist die erste evangelische Kr\u00f6nung in der Geschichte. Innerhalb k\u00fcrzester Zeit schafft\u00a0 Bugenhagen die Grundlagen f\u00fcr eine protestantische Monarchie. Sein Regelwerk das die Grundlagen der Glaubenslehre, Gestaltung der Zeremonien, Religionsunterricht und Armenf\u00fcrsorge bestimmt, ist bis auf wenige \u00c4nderungen noch heute in Kraft.<\/p>\n<p>Im Norden ist eine neue Zeit angebrochen.\u00a0 Und heute \u2013 Papst\u00a0 Franziskus hat vor kurzem in Schweden gepredigt und Luther gew\u00fcrdigt. Im Dom von Lund umarmte er die lutherische Erzbisch\u00f6fin\u00a0 Antje Jackelen. Kann man schon wieder von einer neuen Zeit sprechen? Ich denke das w\u00e4re viel zu fr\u00fch, aber es weht wieder mal ein Wind der Ver\u00e4nderung.<\/p>\n<p>Was h\u00e4tte wohl Luther dazu gesagt? Vielleicht\u2026 \u201eDie Welt ist voll allt\u00e4glicher Wunder.\u201c&#8230; oder\u2026 \u201eWir kommen nie aus den Traurigkeiten heraus wenn wir uns st\u00e4ndig den Puls f\u00fchlen.\u201c<\/p>\n<p>&nbsp;<\/p>\n<p><em>Quelle: Geo-Epoche, Nr.39<\/em><\/p>\n","protected":false},"excerpt":{"rendered":"<p>&nbsp; Dieser Beitrag \u00a0m\u00fcsste eigentlich zu einem sp\u00e4teren Zeitpunkt erscheinen, doch aus aktuellem Anlass schauen wir jetzt schon mal nach Skandinavien&#8230;<\/p>\n","protected":false},"author":231,"featured_media":8429,"comment_status":"open","ping_status":"open","sticky":false,"template":"","format":"standard","meta":{"ngg_post_thumbnail":0,"footnotes":""},"categories":[1],"tags":[],"class_list":["post-8501","post","type-post","status-publish","format-standard","has-post-thumbnail","hentry","category-glaube"],"_links":{"self":[{"href":"https:\/\/www.kirche-obercrinitz.de\/wordpress\/wp-json\/wp\/v2\/posts\/8501"}],"collection":[{"href":"https:\/\/www.kirche-obercrinitz.de\/wordpress\/wp-json\/wp\/v2\/posts"}],"about":[{"href":"https:\/\/www.kirche-obercrinitz.de\/wordpress\/wp-json\/wp\/v2\/types\/post"}],"author":[{"embeddable":true,"href":"https:\/\/www.kirche-obercrinitz.de\/wordpress\/wp-json\/wp\/v2\/users\/231"}],"replies":[{"embeddable":true,"href":"https:\/\/www.kirche-obercrinitz.de\/wordpress\/wp-json\/wp\/v2\/comments?post=8501"}],"version-history":[{"count":5,"href":"https:\/\/www.kirche-obercrinitz.de\/wordpress\/wp-json\/wp\/v2\/posts\/8501\/revisions"}],"predecessor-version":[{"id":8508,"href":"https:\/\/www.kirche-obercrinitz.de\/wordpress\/wp-json\/wp\/v2\/posts\/8501\/revisions\/8508"}],"wp:featuredmedia":[{"embeddable":true,"href":"https:\/\/www.kirche-obercrinitz.de\/wordpress\/wp-json\/wp\/v2\/media\/8429"}],"wp:attachment":[{"href":"https:\/\/www.kirche-obercrinitz.de\/wordpress\/wp-json\/wp\/v2\/media?parent=8501"}],"wp:term":[{"taxonomy":"category","embeddable":true,"href":"https:\/\/www.kirche-obercrinitz.de\/wordpress\/wp-json\/wp\/v2\/categories?post=8501"},{"taxonomy":"post_tag","embeddable":true,"href":"https:\/\/www.kirche-obercrinitz.de\/wordpress\/wp-json\/wp\/v2\/tags?post=8501"}],"curies":[{"name":"wp","href":"https:\/\/api.w.org\/{rel}","templated":true}]}}