{"id":8426,"date":"2016-10-31T06:38:18","date_gmt":"2016-10-31T05:38:18","guid":{"rendered":"http:\/\/www.kirche-obercrinitz.de\/wordpress\/?p=8426"},"modified":"2023-01-02T10:39:30","modified_gmt":"2023-01-02T09:39:30","slug":"hallo-liebe-protestanten","status":"publish","type":"post","link":"https:\/\/www.kirche-obercrinitz.de\/wordpress\/2016\/10\/hallo-liebe-protestanten\/","title":{"rendered":"Hallo liebe Protestanten!"},"content":{"rendered":"<p><a href=\"https:\/\/www.kirche-obercrinitz.de\/wordpress\/wp-content\/uploads\/2016\/10\/Luther2017Logo_RGB.jpg\" rel=\"attachment wp-att-8429\"><img loading=\"lazy\" decoding=\"async\" class=\" wp-image-8429 alignleft\" src=\"https:\/\/www.kirche-obercrinitz.de\/wordpress\/wp-content\/uploads\/2016\/10\/Luther2017Logo_RGB-195x300.jpg\" alt=\"LutherLogo_50\" width=\"96\" height=\"148\" srcset=\"https:\/\/www.kirche-obercrinitz.de\/wordpress\/wp-content\/uploads\/2016\/10\/Luther2017Logo_RGB-195x300.jpg 195w, https:\/\/www.kirche-obercrinitz.de\/wordpress\/wp-content\/uploads\/2016\/10\/Luther2017Logo_RGB.jpg 567w\" sizes=\"(max-width: 96px) 100vw, 96px\" \/><\/a><\/p>\n<p>&nbsp;<\/p>\n<p>&#8230; naja, eigentlich nennen wir uns nicht mehr so, sondern evangelische Kirche.\u00a0 Aber warum gab es \u00fcberhaupt einmal die Bezeichnung \u201eProtestant\u201c?<!--more--><\/p>\n<p>&nbsp;<\/p>\n<p>&nbsp;<\/p>\n<p>&nbsp;<\/p>\n<p>Auf dem Reichstag zu Speyer 1529 versuchte Ferdinand der Bruder des Kaisers Karl in religi\u00f6sen Fragen einiges r\u00fcckg\u00e4ngig zu machen. Doch dagegen erhoben die F\u00fcrsten von Sachsen, Hessen, Brandenburg und Anhalt Einspruch und ein gutes Dutzend Reichsst\u00e4dte \u201eprotestierten\u201c.<br \/>\nAb jetzt gab es also Protestanten und im Deutschen Reich zwei konfessionelle Lager. Und das alles hatte seinen Ursprung 1517, also vor 499 Jahren als ein gewisser Martin Luder (nein, das ist kein Rechtschreibefehler!) 95 Thesen an die Schlosskirche von Wittenberg angeschlagen und damit eine Rebellion gegen Papst und Kirche ausgel\u00f6st hat.<br \/>\nDas klang f\u00fcr mich immer sehr mutig \u2013 der inquisitionsgesteuerten Kirche den Kampf ansagen? Doch an diesem Tag hatte der Herr Doktor Luder keinerlei rebellische Absichten. Er wollte nur auf Missst\u00e4nde aufmerksam machen und disputieren. Historiker bezweifeln auch, dass \u00fcberhaupt etwas angeschlagen wurde. Martin Luther soll die Thesen verschickt haben, naiverweise auch an seinen sp\u00e4teren Feind Erzbischof Albrecht von Brandenburg und damit ging es erst richtig los\u2026<br \/>\nDas alles ist nun im n\u00e4chsten Jahr genau 500 Jahre her und wir beginnen heute das Luther-Jubil\u00e4umsjahr. Freut euch also und seid gespannt, es wird reichlich neue Lekt\u00fcre, einen neuen Film und viel Interessantes \u00fcber Luther geben und auch wir wollen hier auf der Kirchenseite jeden Monat mit einem kleinen Beitrag protestieren (-: Viel Spass!<\/p>\n","protected":false},"excerpt":{"rendered":"<p>&nbsp; &#8230; naja, eigentlich nennen wir uns nicht mehr so, sondern evangelische Kirche.\u00a0 Aber warum gab es \u00fcberhaupt einmal die Bezeichnung \u201eProtestant\u201c?<\/p>\n","protected":false},"author":231,"featured_media":0,"comment_status":"open","ping_status":"open","sticky":false,"template":"","format":"standard","meta":{"ngg_post_thumbnail":0,"footnotes":""},"categories":[1],"tags":[],"class_list":["post-8426","post","type-post","status-publish","format-standard","hentry","category-glaube"],"_links":{"self":[{"href":"https:\/\/www.kirche-obercrinitz.de\/wordpress\/wp-json\/wp\/v2\/posts\/8426"}],"collection":[{"href":"https:\/\/www.kirche-obercrinitz.de\/wordpress\/wp-json\/wp\/v2\/posts"}],"about":[{"href":"https:\/\/www.kirche-obercrinitz.de\/wordpress\/wp-json\/wp\/v2\/types\/post"}],"author":[{"embeddable":true,"href":"https:\/\/www.kirche-obercrinitz.de\/wordpress\/wp-json\/wp\/v2\/users\/231"}],"replies":[{"embeddable":true,"href":"https:\/\/www.kirche-obercrinitz.de\/wordpress\/wp-json\/wp\/v2\/comments?post=8426"}],"version-history":[{"count":5,"href":"https:\/\/www.kirche-obercrinitz.de\/wordpress\/wp-json\/wp\/v2\/posts\/8426\/revisions"}],"predecessor-version":[{"id":8436,"href":"https:\/\/www.kirche-obercrinitz.de\/wordpress\/wp-json\/wp\/v2\/posts\/8426\/revisions\/8436"}],"wp:attachment":[{"href":"https:\/\/www.kirche-obercrinitz.de\/wordpress\/wp-json\/wp\/v2\/media?parent=8426"}],"wp:term":[{"taxonomy":"category","embeddable":true,"href":"https:\/\/www.kirche-obercrinitz.de\/wordpress\/wp-json\/wp\/v2\/categories?post=8426"},{"taxonomy":"post_tag","embeddable":true,"href":"https:\/\/www.kirche-obercrinitz.de\/wordpress\/wp-json\/wp\/v2\/tags?post=8426"}],"curies":[{"name":"wp","href":"https:\/\/api.w.org\/{rel}","templated":true}]}}