{"id":8025,"date":"2016-07-20T14:09:01","date_gmt":"2016-07-20T12:09:01","guid":{"rendered":"http:\/\/www.kirche-obercrinitz.de\/wordpress\/?p=8025"},"modified":"2023-01-02T10:40:40","modified_gmt":"2023-01-02T09:40:40","slug":"schraege-typenlustige-gestalten","status":"publish","type":"post","link":"https:\/\/www.kirche-obercrinitz.de\/wordpress\/2016\/07\/schraege-typenlustige-gestalten\/","title":{"rendered":"Schr\u00e4ge Typen&#038;lustige Gestalten"},"content":{"rendered":"<p>&#8230; werden f\u00fcr unser diesj\u00e4hriges Gemeindefest gesucht! Getreu Arno Backhaus Motto: &#8220;Lache \u00fcber deinen N\u00e4chsten,<!--more--> wie \u00fcber dich selbst&#8221; wird in unserem <strong>Fotowettbewerb das lustigste, komischste, witzigste Foto <\/strong>gesucht. Einzigste Teilnahmebedingung: jeder darf nur von sich selbst ein Foto einreichen. Also schnell mal im Fotoalbum gekramt oder ganz kreativ noch ein witziges Bild gemacht &#8211; es lohnt sich: der Gewinner bekommt ein signiertes Foto von sich und Arno Backhaus (der kommt zuf\u00e4llig auch zum Gemeindefest (-:) und einen Arno-Backhaus-Artikel seiner Wahl <em>(hier schon mal eine Auswahl: https:\/\/www.alpha-buch.de\/catalogsearch\/result\/?q=Arno%20Backhaus&#038;gclid=CNazo5D_gc4CFcWdGwodFXkAGQ)<\/em>.<\/p>\n<p>Fotos k\u00f6nnen bis Ende August in den Pfarrh\u00e4usern abgegeben werden.<\/p>\n<p>Wer traut sich und gibt das lustigste Foto ab?<\/p>\n","protected":false},"excerpt":{"rendered":"<p>&#8230; werden f\u00fcr unser diesj\u00e4hriges Gemeindefest gesucht! Getreu Arno Backhaus Motto: &#8220;Lache \u00fcber deinen N\u00e4chsten,<\/p>\n","protected":false},"author":2,"featured_media":0,"comment_status":"open","ping_status":"open","sticky":false,"template":"","format":"standard","meta":{"ngg_post_thumbnail":0,"footnotes":""},"categories":[161],"tags":[],"class_list":["post-8025","post","type-post","status-publish","format-standard","hentry","category-gemeinsam"],"_links":{"self":[{"href":"https:\/\/www.kirche-obercrinitz.de\/wordpress\/wp-json\/wp\/v2\/posts\/8025"}],"collection":[{"href":"https:\/\/www.kirche-obercrinitz.de\/wordpress\/wp-json\/wp\/v2\/posts"}],"about":[{"href":"https:\/\/www.kirche-obercrinitz.de\/wordpress\/wp-json\/wp\/v2\/types\/post"}],"author":[{"embeddable":true,"href":"https:\/\/www.kirche-obercrinitz.de\/wordpress\/wp-json\/wp\/v2\/users\/2"}],"replies":[{"embeddable":true,"href":"https:\/\/www.kirche-obercrinitz.de\/wordpress\/wp-json\/wp\/v2\/comments?post=8025"}],"version-history":[{"count":7,"href":"https:\/\/www.kirche-obercrinitz.de\/wordpress\/wp-json\/wp\/v2\/posts\/8025\/revisions"}],"predecessor-version":[{"id":8032,"href":"https:\/\/www.kirche-obercrinitz.de\/wordpress\/wp-json\/wp\/v2\/posts\/8025\/revisions\/8032"}],"wp:attachment":[{"href":"https:\/\/www.kirche-obercrinitz.de\/wordpress\/wp-json\/wp\/v2\/media?parent=8025"}],"wp:term":[{"taxonomy":"category","embeddable":true,"href":"https:\/\/www.kirche-obercrinitz.de\/wordpress\/wp-json\/wp\/v2\/categories?post=8025"},{"taxonomy":"post_tag","embeddable":true,"href":"https:\/\/www.kirche-obercrinitz.de\/wordpress\/wp-json\/wp\/v2\/tags?post=8025"}],"curies":[{"name":"wp","href":"https:\/\/api.w.org\/{rel}","templated":true}]}}