{"id":7933,"date":"2016-05-19T20:30:32","date_gmt":"2016-05-19T18:30:32","guid":{"rendered":"http:\/\/www.kirche-obercrinitz.de\/wordpress\/?p=7933"},"modified":"2016-05-24T07:40:47","modified_gmt":"2016-05-24T05:40:47","slug":"shero-der-tapfere-kleine-loewe","status":"publish","type":"post","link":"https:\/\/www.kirche-obercrinitz.de\/wordpress\/2016\/05\/shero-der-tapfere-kleine-loewe\/","title":{"rendered":"Shero &#8211; der tapfere kleine L\u00f6we"},"content":{"rendered":"<p><em><a href=\"https:\/\/www.kirche-obercrinitz.de\/wordpress\/wp-content\/gallery\/Lego2016\/DSC_0490.jpg\"><img loading=\"lazy\" decoding=\"async\" class=\"ngg-singlepic ngg-left alignnone\" src=\"https:\/\/www.kirche-obercrinitz.de\/wordpress\/wp-content\/gallery\/Lego2016\/DSC_0490.jpg\" alt=\"DSC_0490\" width=\"299\" height=\"200\" \/><\/a><\/em><\/p>\n<p><em>Legotage vom 12.-15.05.2016 in der Landeskirchlichen Gemeinschaft<\/em><\/p>\n<p>Er kam auf mich zu mit seinen dunklen strahlenden Augen und fragte mich: \u201eDu mit mir ein Haus bauen?\u201c Na klar \u2013 dazu war ich doch hier. Ich fragte nach seinem Namen. Stolz<!--more--> sagte er: \u201e Shero, deutsch L\u00f6we\u201c.<\/p>\n<p>Unser Haus aus Legosteinen wurde immer gr\u00f6\u00dfer und Shero erz\u00e4hlte mir, dass sein Haus in Syrien von Bomben zerst\u00f6rt wurde. Er vermisst seine Heimat, aber er ist froh hier in Deutschland zu sein.<\/p>\n<p>Unser Lego-Haus hatte noch nicht mal ein Dach, wir kannten uns gerade einmal 15 Minuten und Shero sagte: \u201eDu kommen zu meine Familie, heute.\u201c Der kleine tapfere L\u00f6we hatte mein Herz erobert und gern wollte ich seine Familie kennenlernen.<\/p>\n<p>Also sa\u00df ich einen Tag sp\u00e4ter bei einem Glas syrischen Tee und lernte die Eltern und Geschwister von Shero und ihre Geschichte kennen. Es war ber\u00fchrend und ich hatte immer wieder Tr\u00e4nen in den Augen. So viel Leid, so viel Mut und Hoffnung, so viel Liebe f\u00fcr ihre Kinder, so viel Vertrauen auf ihren Gott\u2026<\/p>\n<p>Erst vor ein paar Tagen erz\u00e4hlte mir ein Christ, er sei dagegen, dass so viele fremde Menschen in unserem Land aufgenommen werden. Er sagte, wir m\u00fcssen unseren Glauben sch\u00fctzen. Ich kann die Angst, die dahinter steht, sehr gut verstehen. Aber ich teile diese Ansicht nicht. Wir Christen glauben an einen allm\u00e4chtigen Gott. Er braucht unseren menschlichen Schutz nicht! Wir brauchen mehr Vertrauen in seine Gr\u00f6\u00dfe.<\/p>\n<p>Ich m\u00f6chte euch ermutigen mit Gottes Hilfe und im Vertrauen auf sein Wort (z.B. R\u00f6mer 8, 31-39) die \u00c4ngste zu \u00fcberwinden, die Begegnung zu suchen und Gottes Auftrag ernst zu nehmen: Liebe deinen N\u00e4chsten wie dich selbst. Wir kennen die Antwort auf die Frage, wer unser N\u00e4chster ist. Wenn gefl\u00fcchtete Menschen ihre Geschichte erz\u00e4hlen, k\u00f6nnen wir die Wunden ihrer Seele erahnen und wir d\u00fcrfen nicht daran vorbeilaufen!<\/p>\n<p>Lego-Tage 2016 \u2013 eine tolle Zeit, eine multikulturelle Baugemeinschaft, ein gesegnetes Miteinander, viele bewegende Momente\u2026<\/p>\n<p>Danke an unseren gro\u00dfen Gott! Danke an Christian Wei\u00df, danke an alle Mitarbeiter, besonders an Andreas f\u00fcr sein Engagement und seinen Idealismus!<\/p>\nngg_shortcode_0_placeholder\n<p>&nbsp;<\/p>\n","protected":false},"excerpt":{"rendered":"<p>Legotage vom 12.-15.05.2016 in der Landeskirchlichen Gemeinschaft Er kam auf mich zu mit seinen dunklen strahlenden Augen und fragte mich: \u201eDu mit mir ein Haus bauen?\u201c Na klar \u2013 dazu war ich doch hier.&#46;&#46;&#46;<\/p>\n","protected":false},"author":39,"featured_media":0,"comment_status":"open","ping_status":"open","sticky":false,"template":"","format":"standard","meta":{"ngg_post_thumbnail":0,"footnotes":""},"categories":[21],"tags":[],"class_list":["post-7933","post","type-post","status-publish","format-standard","hentry","category-allianz"],"_links":{"self":[{"href":"https:\/\/www.kirche-obercrinitz.de\/wordpress\/wp-json\/wp\/v2\/posts\/7933"}],"collection":[{"href":"https:\/\/www.kirche-obercrinitz.de\/wordpress\/wp-json\/wp\/v2\/posts"}],"about":[{"href":"https:\/\/www.kirche-obercrinitz.de\/wordpress\/wp-json\/wp\/v2\/types\/post"}],"author":[{"embeddable":true,"href":"https:\/\/www.kirche-obercrinitz.de\/wordpress\/wp-json\/wp\/v2\/users\/39"}],"replies":[{"embeddable":true,"href":"https:\/\/www.kirche-obercrinitz.de\/wordpress\/wp-json\/wp\/v2\/comments?post=7933"}],"version-history":[{"count":11,"href":"https:\/\/www.kirche-obercrinitz.de\/wordpress\/wp-json\/wp\/v2\/posts\/7933\/revisions"}],"predecessor-version":[{"id":7970,"href":"https:\/\/www.kirche-obercrinitz.de\/wordpress\/wp-json\/wp\/v2\/posts\/7933\/revisions\/7970"}],"wp:attachment":[{"href":"https:\/\/www.kirche-obercrinitz.de\/wordpress\/wp-json\/wp\/v2\/media?parent=7933"}],"wp:term":[{"taxonomy":"category","embeddable":true,"href":"https:\/\/www.kirche-obercrinitz.de\/wordpress\/wp-json\/wp\/v2\/categories?post=7933"},{"taxonomy":"post_tag","embeddable":true,"href":"https:\/\/www.kirche-obercrinitz.de\/wordpress\/wp-json\/wp\/v2\/tags?post=7933"}],"curies":[{"name":"wp","href":"https:\/\/api.w.org\/{rel}","templated":true}]}}