{"id":737,"date":"2010-02-22T22:31:14","date_gmt":"2010-02-22T21:31:14","guid":{"rendered":"http:\/\/www.kirche-obercrinitz.de\/wordpress\/?p=737"},"modified":"2023-01-02T09:57:45","modified_gmt":"2023-01-02T08:57:45","slug":"der-frauen-und-seniorenkreis-stellt-sich-vor","status":"publish","type":"post","link":"https:\/\/www.kirche-obercrinitz.de\/wordpress\/2010\/02\/der-frauen-und-seniorenkreis-stellt-sich-vor\/","title":{"rendered":"Frauen- und Seniorenkreis"},"content":{"rendered":"<p><img loading=\"lazy\" decoding=\"async\" class=\"ngg-singlepic ngg-left\" src=\"https:\/\/www.kirche-obercrinitz.de\/wordpress\/wp-content\/gallery\/frauen-und-seniorenkreis\/img_2630.jpg\" alt=\"img_2630\" width=\"151\" height=\"202\" \/>Unsere Kreise stellen sich vor: <strong>Frauen- und Seniorenkreis<\/strong><\/p>\n<p>Mit der Vereinigung unserer Schwesterngemeinden Obercrinitz, Stangengr\u00fcn und Wildenau ergaben sich auch Ver\u00e4nderungen f\u00fcr unseren Frauen- und Seniorenkreis. So kommen seitdem die Frauen aus Wildenau jeden ersten Mittwoch im Monat ganz treu mit in den Gemeindesaal um 14.30 Uhr nach Obercrinitz. <!--more--><\/p>\n<p>Dabei gilt, zeitiges Kommen sichert gute Pl\u00e4tze, denn wir sind bis zu 40 Frauen, haben uns gut zusammengefunden und sind im Glauben eine echte Gemeinschaft geworden. Mit einem Gru\u00dfwort beginnt Pfarrer Sorger unsere Stunde. Nach einem Lied und einem gemeinsamen Psalmlesen folgt die Andacht des Pfarrers, die mit einem Gebet abgeschlossen wird. Danach werden verschiedene interessante Themen gelesen, besprochen und alle k\u00f6nnen mit ihrer Meinung dazu beitragen.<\/p>\n<p>Eine sch\u00f6n hergerichtete Kaffeetafel, die immer von anderen Frauen gestaltet wird, l\u00e4dt anschlie\u00dfend zu einem Plausch ein, wobei es bei uns Frauen nie an Gespr\u00e4chsstoff fehlt, so dass Pfarrer Sorger oftmals wieder zur Ruhe bitten muss, damit die Geburtstagskinder des vergangenen Monats ihre Gl\u00fcck- und Segensw\u00fcnsche empfangen und mit einer brennenden Kerze sowie einem Liederwunsch geehrt werden k\u00f6nnen.<\/p>\n<p>Mit dem Hinweis auf kommende Veranstaltungen, einem Abschlussgebet und dem Segen geht der Nachmittag zu Ende. Dann beginnt wieder f\u00fcr flei\u00dfige H\u00e4nde Abwaschen und Aufr\u00e4umen. Interessantes vom B\u00fcchertisch liegt ebenfalls aus und kann erworben werden.<\/p>\n<p>Zu erw\u00e4hnen\u00a0 w\u00e4re noch, dass uns allj\u00e4hrlich vor der Sommer- und Urlaubspause unser \u201cAbendspaziergang\u201d &#8211; nat\u00fcrlich mit eigenem Pkw &#8211; in eine n\u00e4here Gastst\u00e4tte f\u00fchrt, wo wir nach einem besinnlichen Beginn noch gem\u00fctlich beieinander sitzen.<\/p>\n<p>Jeweils im September haben wir unseren\u00a0 gro\u00dfen Ausflug und fahren mit Obercrinitzern, Stangengr\u00fcnern und Wildenauern mit dem Bus zu interessanten kirchlichen Einrichtungen, so z.B. nach Leipzig, Mauersberg, Naumburg, Wittenberg.<\/p>\n<p>Alle Frauen und Senioren unserer Gemeinden sind stets herzlich in unserem Kreis willkommen. St\u00fchle gibt es genug.<\/p>\n<p>geschrieben von Christiane Friedrich<\/p>\nngg_shortcode_0_placeholder\n","protected":false},"excerpt":{"rendered":"<p>Unsere Kreise stellen sich vor: Frauen- und Seniorenkreis Mit der Vereinigung unserer Schwesterngemeinden Obercrinitz, Stangengr\u00fcn und Wildenau ergaben sich auch Ver\u00e4nderungen f\u00fcr unseren Frauen- und Seniorenkreis. So kommen seitdem die Frauen aus Wildenau jeden&#46;&#46;&#46;<\/p>\n","protected":false},"author":20,"featured_media":0,"comment_status":"open","ping_status":"open","sticky":false,"template":"","format":"standard","meta":{"ngg_post_thumbnail":0,"footnotes":""},"categories":[161],"tags":[],"class_list":["post-737","post","type-post","status-publish","format-standard","hentry","category-gemeinsam"],"_links":{"self":[{"href":"https:\/\/www.kirche-obercrinitz.de\/wordpress\/wp-json\/wp\/v2\/posts\/737"}],"collection":[{"href":"https:\/\/www.kirche-obercrinitz.de\/wordpress\/wp-json\/wp\/v2\/posts"}],"about":[{"href":"https:\/\/www.kirche-obercrinitz.de\/wordpress\/wp-json\/wp\/v2\/types\/post"}],"author":[{"embeddable":true,"href":"https:\/\/www.kirche-obercrinitz.de\/wordpress\/wp-json\/wp\/v2\/users\/20"}],"replies":[{"embeddable":true,"href":"https:\/\/www.kirche-obercrinitz.de\/wordpress\/wp-json\/wp\/v2\/comments?post=737"}],"version-history":[{"count":13,"href":"https:\/\/www.kirche-obercrinitz.de\/wordpress\/wp-json\/wp\/v2\/posts\/737\/revisions"}],"predecessor-version":[{"id":3815,"href":"https:\/\/www.kirche-obercrinitz.de\/wordpress\/wp-json\/wp\/v2\/posts\/737\/revisions\/3815"}],"wp:attachment":[{"href":"https:\/\/www.kirche-obercrinitz.de\/wordpress\/wp-json\/wp\/v2\/media?parent=737"}],"wp:term":[{"taxonomy":"category","embeddable":true,"href":"https:\/\/www.kirche-obercrinitz.de\/wordpress\/wp-json\/wp\/v2\/categories?post=737"},{"taxonomy":"post_tag","embeddable":true,"href":"https:\/\/www.kirche-obercrinitz.de\/wordpress\/wp-json\/wp\/v2\/tags?post=737"}],"curies":[{"name":"wp","href":"https:\/\/api.w.org\/{rel}","templated":true}]}}