{"id":7252,"date":"2016-01-09T12:18:49","date_gmt":"2016-01-09T11:18:49","guid":{"rendered":"http:\/\/www.kirche-obercrinitz.de\/wordpress\/?p=7252"},"modified":"2018-06-12T16:31:26","modified_gmt":"2018-06-12T14:31:26","slug":"herzlich-willkommen-2","status":"publish","type":"post","link":"https:\/\/www.kirche-obercrinitz.de\/wordpress\/2016\/01\/herzlich-willkommen-2\/","title":{"rendered":"Willkommen zu Hause"},"content":{"rendered":"<p><a href=\"https:\/\/www.kirche-obercrinitz.de\/wordpress\/wp-content\/uploads\/2016\/01\/PlakatA3.jpg\" rel=\"attachment wp-att-7249\"><img loading=\"lazy\" decoding=\"async\" class=\"alignleft wp-image-7249\" src=\"https:\/\/www.kirche-obercrinitz.de\/wordpress\/wp-content\/uploads\/2016\/01\/PlakatA3-300x210.jpg\" alt=\"PlakatA3\" width=\"284\" height=\"199\" srcset=\"https:\/\/www.kirche-obercrinitz.de\/wordpress\/wp-content\/uploads\/2016\/01\/PlakatA3-300x210.jpg 300w, https:\/\/www.kirche-obercrinitz.de\/wordpress\/wp-content\/uploads\/2016\/01\/PlakatA3-768x537.jpg 768w, https:\/\/www.kirche-obercrinitz.de\/wordpress\/wp-content\/uploads\/2016\/01\/PlakatA3-1024x716.jpg 1024w\" sizes=\"(max-width: 284px) 100vw, 284px\" \/><\/a>Wieder steht die Allianzgebetswoche vor der T\u00fcr.<\/p>\n<p>Das Thema, das durch die Woche f\u00fchrt, hei\u00dft diesmal:<\/p>\n<p><strong>&#8220;Herzlich willkommen &#8211; willkommen zu Hause&#8221;<\/strong><\/p>\n<p>Die einzelnen Gebetsabende werden in Obercrinitz <!--more-->wieder reihum in den 3 Gemeinden und in der gewohnten Reihenfolge stattfinden:<\/p>\n<p style=\"text-align: left;\">Sonntag, 11.01. Gottesdienst (in den Gemeinden zur jeweils \u00fcblichen Zeit) &#8220;Gott und seine Kinder&#8221;<\/p>\n<p style=\"text-align: left;\">Montag, 12.01. Gebetsabend in der LKG (19.30 Uhr) &#8220;Wenn Beziehungen zerbrechen&#8221;<\/p>\n<p style=\"text-align: left;\">Dienstag 13.01. Gebetsabend in der LKG (19.30 Uhr) &#8220;Alles gewollt &#8211; alles verloren&#8221;<\/p>\n<p style=\"text-align: left;\">Mittwoch 14.01. Gebetsabend in der EFG (19.30 Uhr) &#8220;Wende statt Ende&#8221;<\/p>\n<p style=\"text-align: left;\">Donnerstag 15.01. Gebetsabend in der EFG (19.30 Uhr) &#8220;Was f\u00fcr ein Vater&#8221;<\/p>\n<p style=\"text-align: left;\">Freitag 16.01. Gebetsabend im Pfarrsaal (19.30 Uhr) &#8220;Wie neu geboren&#8221;<\/p>\n<p style=\"text-align: left;\">Samstag 17.01. Gebetsabend im Pfarrsaal (19.30 Uhr) &#8220;Zuhause und doch weit weg&#8221;<\/p>\n<p style=\"text-align: left;\">Sonntag 18.01. Abschlussgottesdienst in der Landeskirchlichen Gemeinschaft (10.15 Uhr) &#8220;Das muss gefeiert werden&#8221;<\/p>\n<p style=\"text-align: left;\">Auf den Seiten der Evangelischen Allianz gibts umfangreiche Infos zu den Themen der einzelnen Abende und zur Allianzarbeit.<\/p>\n<p><a href=\"http:\/\/www.ead.de\/fileadmin\/daten\/bilder\/gebetswoche\/EINS_4-15_Magazin_Web.pdf\" target=\"_blank\" rel=\"noopener noreferrer\">Download Begleitheft zur Allianzgebetswoche <\/a><\/p>\n<p><a title=\"Evangelische Allianz Deutschland\" href=\"http:\/\/www.ead.de\" target=\"_blank\" rel=\"noopener noreferrer\">Link zur Evangelischen Allianz Deutschland<\/a><\/p>\n<p>Jeder ist eingeladen zu den gemeinsamen Abenden, <strong>herzlich willkommen<\/strong> eben.<\/p>\n","protected":false},"excerpt":{"rendered":"<p>Wieder steht die Allianzgebetswoche vor der T\u00fcr. Das Thema, das durch die Woche f\u00fchrt, hei\u00dft diesmal: &#8220;Herzlich willkommen &#8211; willkommen zu Hause&#8221; Die einzelnen Gebetsabende werden in Obercrinitz<\/p>\n","protected":false},"author":2,"featured_media":7249,"comment_status":"open","ping_status":"open","sticky":false,"template":"","format":"standard","meta":{"ngg_post_thumbnail":0,"footnotes":""},"categories":[21],"tags":[],"class_list":["post-7252","post","type-post","status-publish","format-standard","has-post-thumbnail","hentry","category-allianz"],"_links":{"self":[{"href":"https:\/\/www.kirche-obercrinitz.de\/wordpress\/wp-json\/wp\/v2\/posts\/7252"}],"collection":[{"href":"https:\/\/www.kirche-obercrinitz.de\/wordpress\/wp-json\/wp\/v2\/posts"}],"about":[{"href":"https:\/\/www.kirche-obercrinitz.de\/wordpress\/wp-json\/wp\/v2\/types\/post"}],"author":[{"embeddable":true,"href":"https:\/\/www.kirche-obercrinitz.de\/wordpress\/wp-json\/wp\/v2\/users\/2"}],"replies":[{"embeddable":true,"href":"https:\/\/www.kirche-obercrinitz.de\/wordpress\/wp-json\/wp\/v2\/comments?post=7252"}],"version-history":[{"count":7,"href":"https:\/\/www.kirche-obercrinitz.de\/wordpress\/wp-json\/wp\/v2\/posts\/7252\/revisions"}],"predecessor-version":[{"id":10186,"href":"https:\/\/www.kirche-obercrinitz.de\/wordpress\/wp-json\/wp\/v2\/posts\/7252\/revisions\/10186"}],"wp:featuredmedia":[{"embeddable":true,"href":"https:\/\/www.kirche-obercrinitz.de\/wordpress\/wp-json\/wp\/v2\/media\/7249"}],"wp:attachment":[{"href":"https:\/\/www.kirche-obercrinitz.de\/wordpress\/wp-json\/wp\/v2\/media?parent=7252"}],"wp:term":[{"taxonomy":"category","embeddable":true,"href":"https:\/\/www.kirche-obercrinitz.de\/wordpress\/wp-json\/wp\/v2\/categories?post=7252"},{"taxonomy":"post_tag","embeddable":true,"href":"https:\/\/www.kirche-obercrinitz.de\/wordpress\/wp-json\/wp\/v2\/tags?post=7252"}],"curies":[{"name":"wp","href":"https:\/\/api.w.org\/{rel}","templated":true}]}}