{"id":718,"date":"2010-02-03T16:56:22","date_gmt":"2010-02-03T15:56:22","guid":{"rendered":"http:\/\/www.kirche-obercrinitz.de\/wordpress\/?p=718"},"modified":"2023-01-02T10:48:50","modified_gmt":"2023-01-02T09:48:50","slug":"die-flucht","status":"publish","type":"post","link":"https:\/\/www.kirche-obercrinitz.de\/wordpress\/2010\/02\/die-flucht\/","title":{"rendered":"Die Flucht"},"content":{"rendered":"<p>Wenn viele Personen fluchtartig ein Geb\u00e4ude verlassen, kann es daf\u00fcr plausible Gr\u00fcnde geben, z.B. dass der Feuermelder angeschlagen hat.<br \/>\nIn Kirchen dagegen <em>(Ich bin froh, erfahren zu haben, dass dies nicht nur in der Obercrinitzer Kirche der Fall  und auch keineswegs nur ein landeskirchliches Problem ist!)<\/em> kann man dieses Ph\u00e4nomen jedoch ohne offensichtliche Ursache beobachten: der Pfarrer spricht den Segen, die Glocken l\u00e4uten \u2013 schwups, da waren`s nur noch zwei &#8230;<!--more--><\/p>\n<p>\u201eFluchtverhalten am Ende des Gottesdienstes\u201c<\/p>\n<p>Warum sind die meisten von uns bem\u00fcht, so schnell wie m\u00f6glich aus der Kirche zu kommen? Leider nicht nur das: so schnell wie m\u00f6glich soll es nach Hause gehen!<br \/>\nBis letzten Sonntag war ich ebenfalls ein Fl\u00fcchtiger und daher wage ich die These, dass nicht etwa die schnelle Umsetzung der Predigtinhalte im Alltag die Motivation ist, sondern wesentlich menschlichere Motive uns jeden Sonntag direkt nach dem Gottesdienst nach Hause trieben: die Kl\u00f6\u00dfe m\u00fcssen noch gemacht werden, es ist ganz sch\u00f6n kalt, blo\u00df mit niemanden unterhalten, &#8230;<\/p>\n<p>Alles Gr\u00fcnde, die mich nach Hause trieben, bis mir dank GOTTES wunderbarer F\u00fchrung zwei Personen unabh\u00e4ngig voneinander dasselbe sagten: Schluss damit! <em>(Danke Christian, Danke Klausi!)<\/em><br \/>\nWarum die Zeit nach dem Gottesdienst nicht f\u00fcr ein kurzes Schw\u00e4tzchen nutzen, Interesse an dem anderen zeigen (Na du, was macht eigentlich&#8230;?), \u00fcber die Predigt austauschen, &#8230; eben einfach Gemeinschaft leben!<\/p>\n<p>Es lie\u00dfe sich noch viel dazu sagen, aber ich denke, jeder wei\u00df, worauf ich hinaus will und jeder kann sich selbst die Vorteile und Notwendigkeiten einer lebendigen Gemeinschaft auflisten! Das soll auch kein weiterer Punkt auf der scheinbar unendlichen Liste <em>&#8220;Als guter Christ sollte man&#8230;&#8221;<\/em> sein, sondern einfach ein paar Zeilen zum Nachdenken! Mir selbst f\u00e4llt es schwer, nicht gleich zu fl\u00fcchten (wegen den Kl\u00f6\u00dfen, der K\u00e4lte, meiner Unvollkommenheit), aber w\u00e4re es nicht toll, wir w\u00fcrden uns ab und zu am Ende des Gottesdienstes zusammenstellen und ein wenig voneinander erfahren?<\/p>\n<p>Ich bin gespannt auf eure Kommentare und auf das Fluchtverhalten am Ende der n\u00e4chsten Gottesdienste!<\/p>\n<p>Marlies<\/p>\n","protected":false},"excerpt":{"rendered":"<p>Wenn viele Personen fluchtartig ein Geb\u00e4ude verlassen, kann es daf\u00fcr plausible Gr\u00fcnde geben, z.B. dass der Feuermelder angeschlagen hat. In Kirchen dagegen (Ich bin froh, erfahren zu haben, dass dies nicht nur in der&#46;&#46;&#46;<\/p>\n","protected":false},"author":2,"featured_media":0,"comment_status":"open","ping_status":"open","sticky":false,"template":"","format":"standard","meta":{"ngg_post_thumbnail":0,"footnotes":""},"categories":[1],"tags":[],"class_list":["post-718","post","type-post","status-publish","format-standard","hentry","category-glaube"],"_links":{"self":[{"href":"https:\/\/www.kirche-obercrinitz.de\/wordpress\/wp-json\/wp\/v2\/posts\/718"}],"collection":[{"href":"https:\/\/www.kirche-obercrinitz.de\/wordpress\/wp-json\/wp\/v2\/posts"}],"about":[{"href":"https:\/\/www.kirche-obercrinitz.de\/wordpress\/wp-json\/wp\/v2\/types\/post"}],"author":[{"embeddable":true,"href":"https:\/\/www.kirche-obercrinitz.de\/wordpress\/wp-json\/wp\/v2\/users\/2"}],"replies":[{"embeddable":true,"href":"https:\/\/www.kirche-obercrinitz.de\/wordpress\/wp-json\/wp\/v2\/comments?post=718"}],"version-history":[{"count":6,"href":"https:\/\/www.kirche-obercrinitz.de\/wordpress\/wp-json\/wp\/v2\/posts\/718\/revisions"}],"predecessor-version":[{"id":3816,"href":"https:\/\/www.kirche-obercrinitz.de\/wordpress\/wp-json\/wp\/v2\/posts\/718\/revisions\/3816"}],"wp:attachment":[{"href":"https:\/\/www.kirche-obercrinitz.de\/wordpress\/wp-json\/wp\/v2\/media?parent=718"}],"wp:term":[{"taxonomy":"category","embeddable":true,"href":"https:\/\/www.kirche-obercrinitz.de\/wordpress\/wp-json\/wp\/v2\/categories?post=718"},{"taxonomy":"post_tag","embeddable":true,"href":"https:\/\/www.kirche-obercrinitz.de\/wordpress\/wp-json\/wp\/v2\/tags?post=718"}],"curies":[{"name":"wp","href":"https:\/\/api.w.org\/{rel}","templated":true}]}}