{"id":7096,"date":"2015-12-03T12:26:18","date_gmt":"2015-12-03T11:26:18","guid":{"rendered":"http:\/\/www.kirche-obercrinitz.de\/wordpress\/?p=7096"},"modified":"2023-01-02T10:42:36","modified_gmt":"2023-01-02T09:42:36","slug":"geistlicher-impuls-asyl","status":"publish","type":"post","link":"https:\/\/www.kirche-obercrinitz.de\/wordpress\/2015\/12\/geistlicher-impuls-asyl\/","title":{"rendered":"Geistlicher Impuls &#8220;Asyl&#8221;"},"content":{"rendered":"<p><a id=\"set-post-thumbnail\" class=\"thickbox\" title=\"Beitragsbild festlegen\" href=\"https:\/\/www.kirche-obercrinitz.de\/wordpress\/wp-content\/uploads\/2015\/12\/064_4105_Farbe_CMYK-1-192x300.jpg\"><img loading=\"lazy\" decoding=\"async\" class=\"attachment-266x266 alignleft\" src=\"https:\/\/www.kirche-obercrinitz.de\/wordpress\/wp-content\/uploads\/2015\/12\/064_4105_Farbe_CMYK-1-192x300.jpg\" alt=\"064_4105_Farbe_CMYK-1\" width=\"186\" height=\"291\" \/><\/a>Hier ist der <a href=\"https:\/\/www.kirche-obercrinitz.de\/wordpress\/wp-content\/uploads\/2015\/12\/Geistlicher-Impuls-Asyl.pdf\">geistliche Impuls zur Asyl- und Fl\u00fcchtlingsthematik<\/a> von den Gemeindeabenden zu finden; auch als Nachgang zum Familiengottesdienst 1. Advent: G\u00e4ste aus fernen L\u00e4ndern kommen zu uns. Wie empfangen wir sie? Ein Gast aus dem Himmel kommt zu uns. Jesus. Wie empfangen wir ihn?<\/p>\n<p>Diskussion und Widerspruch sind sehr erw\u00fcnscht!<\/p>\n","protected":false},"excerpt":{"rendered":"<p>Hier ist der geistliche Impuls zur Asyl- und Fl\u00fcchtlingsthematik von den Gemeindeabenden zu finden; auch als Nachgang zum Familiengottesdienst 1. Advent: G\u00e4ste aus fernen L\u00e4ndern kommen zu uns. Wie empfangen wir sie? Ein Gast&#46;&#46;&#46;<\/p>\n","protected":false},"author":225,"featured_media":7114,"comment_status":"open","ping_status":"open","sticky":false,"template":"","format":"standard","meta":{"ngg_post_thumbnail":0,"footnotes":""},"categories":[161,1],"tags":[],"class_list":["post-7096","post","type-post","status-publish","format-standard","has-post-thumbnail","hentry","category-gemeinsam","category-glaube"],"_links":{"self":[{"href":"https:\/\/www.kirche-obercrinitz.de\/wordpress\/wp-json\/wp\/v2\/posts\/7096"}],"collection":[{"href":"https:\/\/www.kirche-obercrinitz.de\/wordpress\/wp-json\/wp\/v2\/posts"}],"about":[{"href":"https:\/\/www.kirche-obercrinitz.de\/wordpress\/wp-json\/wp\/v2\/types\/post"}],"author":[{"embeddable":true,"href":"https:\/\/www.kirche-obercrinitz.de\/wordpress\/wp-json\/wp\/v2\/users\/225"}],"replies":[{"embeddable":true,"href":"https:\/\/www.kirche-obercrinitz.de\/wordpress\/wp-json\/wp\/v2\/comments?post=7096"}],"version-history":[{"count":15,"href":"https:\/\/www.kirche-obercrinitz.de\/wordpress\/wp-json\/wp\/v2\/posts\/7096\/revisions"}],"predecessor-version":[{"id":7118,"href":"https:\/\/www.kirche-obercrinitz.de\/wordpress\/wp-json\/wp\/v2\/posts\/7096\/revisions\/7118"}],"wp:featuredmedia":[{"embeddable":true,"href":"https:\/\/www.kirche-obercrinitz.de\/wordpress\/wp-json\/wp\/v2\/media\/7114"}],"wp:attachment":[{"href":"https:\/\/www.kirche-obercrinitz.de\/wordpress\/wp-json\/wp\/v2\/media?parent=7096"}],"wp:term":[{"taxonomy":"category","embeddable":true,"href":"https:\/\/www.kirche-obercrinitz.de\/wordpress\/wp-json\/wp\/v2\/categories?post=7096"},{"taxonomy":"post_tag","embeddable":true,"href":"https:\/\/www.kirche-obercrinitz.de\/wordpress\/wp-json\/wp\/v2\/tags?post=7096"}],"curies":[{"name":"wp","href":"https:\/\/api.w.org\/{rel}","templated":true}]}}