{"id":6411,"date":"2015-09-23T13:40:14","date_gmt":"2015-09-23T11:40:14","guid":{"rendered":"http:\/\/www.kirche-obercrinitz.de\/wordpress\/?p=6411"},"modified":"2023-01-02T09:47:41","modified_gmt":"2023-01-02T08:47:41","slug":"konfi-startruestzeit","status":"publish","type":"post","link":"https:\/\/www.kirche-obercrinitz.de\/wordpress\/2015\/09\/konfi-startruestzeit\/","title":{"rendered":"Konfi- Startr\u00fcstzeit"},"content":{"rendered":"<p><img loading=\"lazy\" decoding=\"async\" class=\"ngg-singlepic ngg-left\" src=\"https:\/\/www.kirche-obercrinitz.de\/wordpress\/wp-content\/gallery\/konfistartrueste-2015\/IMG_4507.JPG\" alt=\"IMG_4507\" width=\"270\" height=\"180\" \/>&#8220;<strong>Erster Eindruck<\/strong>&#8220;- unter diesem Thema stand die Konfistartr\u00fcstzeit vom 12.-13.September. Am Samstagvormittag starteten wir in Stangengr\u00fcn mit Spiel und Spa\u00df. Nach dem kulinarischen Mittagessen wanderten wir nach Obercrinitz. Dort gestaltete jeder Konfi sein eigenes pers\u00f6nliches Wappen. Anschlie\u00dfend gab es <!--more-->ein Gel\u00e4ndespiel &#8211; &#8220;Stratego in Real-Live&#8221;. Ausgepowerd vom vielen rennen, sangen wir am Abend noch Lieder. \u00dcbernachtet wurde in der Kirche &#8211; ein einmaliges Erlebnis. Am n\u00e4chsten Morgen wanderten wir zum Konfivorstellungsgottesdienst nach Wildenau.<\/p>\n<p>Wir hoffen es hat euch gefallen und ihr seid am 26.September zum Konfitag wieder dabei. \ud83d\ude09<\/p>\n<p>HIer noch einige Bilder (danke an Julia)&#8230;<\/p>\nngg_shortcode_0_placeholder\n","protected":false},"excerpt":{"rendered":"<p>&#8220;Erster Eindruck&#8220;- unter diesem Thema stand die Konfistartr\u00fcstzeit vom 12.-13.September. Am Samstagvormittag starteten wir in Stangengr\u00fcn mit Spiel und Spa\u00df. Nach dem kulinarischen Mittagessen wanderten wir nach Obercrinitz. Dort gestaltete jeder Konfi sein eigenes&#46;&#46;&#46;<\/p>\n","protected":false},"author":220,"featured_media":7353,"comment_status":"open","ping_status":"open","sticky":false,"template":"","format":"standard","meta":{"ngg_post_thumbnail":0,"footnotes":""},"categories":[21,161],"tags":[],"class_list":["post-6411","post","type-post","status-publish","format-standard","has-post-thumbnail","hentry","category-allianz","category-gemeinsam"],"_links":{"self":[{"href":"https:\/\/www.kirche-obercrinitz.de\/wordpress\/wp-json\/wp\/v2\/posts\/6411"}],"collection":[{"href":"https:\/\/www.kirche-obercrinitz.de\/wordpress\/wp-json\/wp\/v2\/posts"}],"about":[{"href":"https:\/\/www.kirche-obercrinitz.de\/wordpress\/wp-json\/wp\/v2\/types\/post"}],"author":[{"embeddable":true,"href":"https:\/\/www.kirche-obercrinitz.de\/wordpress\/wp-json\/wp\/v2\/users\/220"}],"replies":[{"embeddable":true,"href":"https:\/\/www.kirche-obercrinitz.de\/wordpress\/wp-json\/wp\/v2\/comments?post=6411"}],"version-history":[{"count":6,"href":"https:\/\/www.kirche-obercrinitz.de\/wordpress\/wp-json\/wp\/v2\/posts\/6411\/revisions"}],"predecessor-version":[{"id":6420,"href":"https:\/\/www.kirche-obercrinitz.de\/wordpress\/wp-json\/wp\/v2\/posts\/6411\/revisions\/6420"}],"wp:featuredmedia":[{"embeddable":true,"href":"https:\/\/www.kirche-obercrinitz.de\/wordpress\/wp-json\/wp\/v2\/media\/7353"}],"wp:attachment":[{"href":"https:\/\/www.kirche-obercrinitz.de\/wordpress\/wp-json\/wp\/v2\/media?parent=6411"}],"wp:term":[{"taxonomy":"category","embeddable":true,"href":"https:\/\/www.kirche-obercrinitz.de\/wordpress\/wp-json\/wp\/v2\/categories?post=6411"},{"taxonomy":"post_tag","embeddable":true,"href":"https:\/\/www.kirche-obercrinitz.de\/wordpress\/wp-json\/wp\/v2\/tags?post=6411"}],"curies":[{"name":"wp","href":"https:\/\/api.w.org\/{rel}","templated":true}]}}