{"id":639,"date":"2010-02-26T22:34:46","date_gmt":"2010-02-26T21:34:46","guid":{"rendered":"http:\/\/www.kirche-obercrinitz.de\/wordpress\/?p=639"},"modified":"2023-01-02T10:48:39","modified_gmt":"2023-01-02T09:48:39","slug":"kleine-bestandsaufnahme","status":"publish","type":"post","link":"https:\/\/www.kirche-obercrinitz.de\/wordpress\/2010\/02\/kleine-bestandsaufnahme\/","title":{"rendered":"Kleine Bestandsaufnahme"},"content":{"rendered":"<p><a href=\"https:\/\/www.kirche-obercrinitz.de\/wordpress\/wp-content\/gallery\/bestandsaufnahme\/image1.jpg\"><img loading=\"lazy\" decoding=\"async\" class=\"ngg-singlepic ngg-left\" src=\"https:\/\/www.kirche-obercrinitz.de\/wordpress\/wp-content\/gallery\/bestandsaufnahme\/image1.jpg\" alt=\"image1\" width=\"330\" height=\"178\" \/><\/a>Die neue Internetseite unserer Kirchgemeinde ist nun seit ziemlich genau einem Vierteljahr\u00a0online &#8211; Gelegenheit f\u00fcr\u00a0eine kleine Bestandsaufnahme.<\/p>\n<p><!--more--><br \/>\nF\u00fcr Freunde der Statistik:<br \/>\nIn den letzten\u00a0knapp\u00a090\u00a0Tagen waren <strong>insgesamt<\/strong> <strong>631 Besucher<\/strong> auf unserer Webseite. Dabei wurde jeder Besucher pro Tag nur einmal gez\u00e4hlt. Das sind <strong>durchschnittlich<\/strong>\u00a0<strong>7 Besucher<\/strong> pro Tag &#8211; allerdings mit steigender Tendenz<strong>.<\/strong>\u00a0\u00a0Am 14. Februar waren es mit <strong>19 Besuchern<\/strong> am meisten.<br \/>\nInsgesamt wurden rund <strong>1700 Seitenaufrufe<\/strong> gez\u00e4hlt, das sind knapp\u00a0<strong>20 pro Tag<\/strong> und t\u00e4glich <strong>3 pro Besucher <\/strong>&#8211; am 24. Februar waren es<strong> <\/strong>rekordverd\u00e4chtige <strong>83 Seitenaufrufe<\/strong>.<br \/>\nInsgesamt wurden bisher <strong>26 Artikel<\/strong> in <strong>13 Kategorien<\/strong> ver\u00f6ffentlicht. Dazu gibt es <strong>5 feste Seiten<\/strong> (ganz oben zu finden).\u00a0 Es wurden <strong>119 Bilder<\/strong> in <strong>16 Galerien<\/strong> hochgeladen, dazu 2 pdf-Dokumente und ein Film.<br \/>\nIm Kalender sind \u00a0rund <strong>100 Termine<\/strong> eingetragen worden &#8211;\u00a0mittlerweile pflegen die meisten Kreise ihre Termine selbst und nutzen die Eintr\u00e4ge, um auch\u00a0Zusatzinformaionen weiterzugeben, z.B. findet man beim Fl\u00f6tenkreis jeweils die Lieder, die die Kinder zu Hause \u00fcben <span style=\"text-decoration: line-through\">sollen<\/span> d\u00fcrfen.\u00a0<\/p>\n<p>Hier\u00a0ein\u00a0paar Bilder mit\u00a0Statistiken im \u00dcberblick:<\/p>\n<p>ngg_shortcode_0_placeholder<br \/>\nMittlerweile haben sich <strong>11 Mitglieder <\/strong>registrieren lassen\u00a0und damit ein eigenes Profil. Die M\u00f6glichkeiten, miteinander in Kontat zu treten, werden genutzt\u00a0 und sollen \u00a0ausgebaut werden &#8211; lasst euch \u00fcberraschen. Die Freude daran, sich selbst zu Wort zu melden, ist ansteigend &#8211; von den insgesamt <strong>11 Kommentaren<\/strong> wurden 7 in den letzten 3 Wochen abgegeben.\u00a0<\/p>\n<p>Apropos Mitreden: Bei den 3 Umfragen haben bisher insgesamt 25 Leute abgestimmt &#8211; und die Ergebnisse der Abstimmungen sind alles andere als &#8220;stromlinienf\u00f6rmig&#8221;, wie man hier noch einmal sehen kann:<\/p>\n<div id=\"polls-1\" class=\"wp-polls\">\n\t\t<p style=\"text-align: center;\"><strong>Wie findet ihr die neue Seite?<\/strong><\/p><div id=\"polls-1-ans\" class=\"wp-polls-ans\"><ul class=\"wp-polls-ul\">\n\t\t<li>sehr gut - ich habe nichts auszusetzen <small>(80%, 4 Stimmen)<\/small><div class=\"pollbar\" style=\"width: 80%;\" title=\"sehr gut - ich habe nichts auszusetzen (80% | 4 Stimmen)\"><\/div><\/li>\n\t\t<li>gut - ich werde mich hier \u00f6fters informieren <small>(20%, 1 Stimmen)<\/small><div class=\"pollbar\" style=\"width: 20%;\" title=\"gut - ich werde mich hier \u00f6fters informieren (20% | 1 Stimmen)\"><\/div><\/li>\n\t\t<li>geht so - nichts f\u00fcr mich dabei <small>(0%, 0 Stimmen)<\/small><div class=\"pollbar\" style=\"width: 1%;\" title=\"geht so - nichts f\u00fcr mich dabei (0% | 0 Stimmen)\"><\/div><\/li>\n\t\t<li>schlecht - muss dringend \u00fcberarbeitet werden <small>(0%, 0 Stimmen)<\/small><div class=\"pollbar\" style=\"width: 1%;\" title=\"schlecht - muss dringend \u00fcberarbeitet werden (0% | 0 Stimmen)\"><\/div><\/li>\n\t\t<li>kein Kommentar <small>(0%, 0 Stimmen)<\/small><div class=\"pollbar\" style=\"width: 1%;\" title=\"kein Kommentar (0% | 0 Stimmen)\"><\/div><\/li>\n\t\t<\/ul><p style=\"text-align: center;\">Stimmen gesamt: <strong>5<\/strong><\/p><\/div>\n\t\t<input type=\"hidden\" id=\"poll_1_nonce\" name=\"wp-polls-nonce\" value=\"9137c5218f\" \/>\n<\/div>\n<div id=\"polls-1-loading\" class=\"wp-polls-loading\"><img loading=\"lazy\" decoding=\"async\" src=\"https:\/\/www.kirche-obercrinitz.de\/wordpress\/wp-content\/plugins\/wp-polls\/images\/loading.gif\" width=\"16\" height=\"16\" alt=\"Wird geladen ...\" title=\"Wird geladen ...\" class=\"wp-polls-image\" \/>&nbsp;Wird geladen ...<\/div>\n\n<div id=\"polls-3\" class=\"wp-polls\">\n\t\t<p style=\"text-align: center;\"><strong>Wie ist deine Meinung zum Krippenspiel?<\/strong><\/p><div id=\"polls-3-ans\" class=\"wp-polls-ans\"><ul class=\"wp-polls-ul\">\n\t\t<li>Das Krippenspiel war sehr gelungen und hat mich pers\u00f6nlich angesprochen. <small>(50%, 6 Stimmen)<\/small><div class=\"pollbar\" style=\"width: 50%;\" title=\"Das Krippenspiel war sehr gelungen und hat mich pers\u00f6nlich angesprochen. (50% | 6 Stimmen)\"><\/div><\/li>\n\t\t<li>Die Geschichte war wiederzuerkennen, vielleicht war's einen Tick zu provokativ f\u00fcr Weihnachten. <small>(25%, 3 Stimmen)<\/small><div class=\"pollbar\" style=\"width: 25%;\" title=\"Die Geschichte war wiederzuerkennen, vielleicht war&#039;s einen Tick zu provokativ f\u00fcr Weihnachten. (25% | 3 Stimmen)\"><\/div><\/li>\n\t\t<li>Etwas mehr \"Worttreue\" h\u00e4tte nicht geschadet, aber im Gro\u00dfen und Ganzen OK <small>(8%, 1 Stimmen)<\/small><div class=\"pollbar\" style=\"width: 8%;\" title=\"Etwas mehr &quot;Worttreue&quot; h\u00e4tte nicht geschadet, aber im Gro\u00dfen und Ganzen OK (8% | 1 Stimmen)\"><\/div><\/li>\n\t\t<li>Das Krippenspiel hat mich pers\u00f6nlich \u00fcberhaupt nicht angesprochen. Aber ich w\u00fcrde es deshalb nicht grunds\u00e4tzlich ablehnen. <small>(17%, 2 Stimmen)<\/small><div class=\"pollbar\" style=\"width: 17%;\" title=\"Das Krippenspiel hat mich pers\u00f6nlich \u00fcberhaupt nicht angesprochen. Aber ich w\u00fcrde es deshalb nicht grunds\u00e4tzlich ablehnen. (17% | 2 Stimmen)\"><\/div><\/li>\n\t\t<li>Ich finde, dass die Geschichte, die gezeigt wurde, nichts mehr mit Weihnachten zu tun hatte. <small>(0%, 0 Stimmen)<\/small><div class=\"pollbar\" style=\"width: 1%;\" title=\"Ich finde, dass die Geschichte, die gezeigt wurde, nichts mehr mit Weihnachten zu tun hatte. (0% | 0 Stimmen)\"><\/div><\/li>\n\t\t<\/ul><p style=\"text-align: center;\">Stimmen gesamt: <strong>12<\/strong><\/p><\/div>\n\t\t<input type=\"hidden\" id=\"poll_3_nonce\" name=\"wp-polls-nonce\" value=\"fa866ee8e9\" \/>\n<\/div>\n<div id=\"polls-3-loading\" class=\"wp-polls-loading\"><img loading=\"lazy\" decoding=\"async\" src=\"https:\/\/www.kirche-obercrinitz.de\/wordpress\/wp-content\/plugins\/wp-polls\/images\/loading.gif\" width=\"16\" height=\"16\" alt=\"Wird geladen ...\" title=\"Wird geladen ...\" class=\"wp-polls-image\" \/>&nbsp;Wird geladen ...<\/div>\n\n<div id=\"polls-4\" class=\"wp-polls\">\n\t\t<p style=\"text-align: center;\"><strong>Sollten unserer Gottesdienste wie gewohnt oder lieber zeitgem\u00e4\u00dfer sein?<\/strong><\/p><div id=\"polls-4-ans\" class=\"wp-polls-ans\"><ul class=\"wp-polls-ul\">\n\t\t<li>Wir brauchen ver\u00e4nderte Gottesdienste und ich bin bereit, dabei mitzuhelfen. <small>(42%, 5 Stimmen)<\/small><div class=\"pollbar\" style=\"width: 42%;\" title=\"Wir brauchen ver\u00e4nderte Gottesdienste und ich bin bereit, dabei mitzuhelfen. (42% | 5 Stimmen)\"><\/div><\/li>\n\t\t<li>Wir brauchen ver\u00e4nderte Gottesdienste, aber ich habe keine Kapazit\u00e4ten, dies umzusetzen. <small>(8%, 1 Stimmen)<\/small><div class=\"pollbar\" style=\"width: 8%;\" title=\"Wir brauchen ver\u00e4nderte Gottesdienste, aber ich habe keine Kapazit\u00e4ten, dies umzusetzen. (8% | 1 Stimmen)\"><\/div><\/li>\n\t\t<li>Das ist doch egal - Hauptsache Gottesdienst! <small>(0%, 0 Stimmen)<\/small><div class=\"pollbar\" style=\"width: 1%;\" title=\"Das ist doch egal - Hauptsache Gottesdienst! (0% | 0 Stimmen)\"><\/div><\/li>\n\t\t<li>Ab und an ein moderner Gottesdienst ist ok, aber nicht so oft. <small>(25%, 3 Stimmen)<\/small><div class=\"pollbar\" style=\"width: 25%;\" title=\"Ab und an ein moderner Gottesdienst ist ok, aber nicht so oft. (25% | 3 Stimmen)\"><\/div><\/li>\n\t\t<li>Unsere Gottesdienste gefallen mir so wie sie sind. <small>(25%, 3 Stimmen)<\/small><div class=\"pollbar\" style=\"width: 25%;\" title=\"Unsere Gottesdienste gefallen mir so wie sie sind. (25% | 3 Stimmen)\"><\/div><\/li>\n\t\t<\/ul><p style=\"text-align: center;\">Stimmen gesamt: <strong>11<\/strong><\/p><p style=\"text-align: center;\"><a href=\"#VotePoll\" onclick=\"poll_booth(4); return false;\" title=\"Abstimmen\">Abstimmen<\/a><\/p><\/div>\n\t\t<input type=\"hidden\" id=\"poll_4_nonce\" name=\"wp-polls-nonce\" value=\"dd0769ab82\" \/>\n<\/div>\n<div id=\"polls-4-loading\" class=\"wp-polls-loading\"><img loading=\"lazy\" decoding=\"async\" src=\"https:\/\/www.kirche-obercrinitz.de\/wordpress\/wp-content\/plugins\/wp-polls\/images\/loading.gif\" width=\"16\" height=\"16\" alt=\"Wird geladen ...\" title=\"Wird geladen ...\" class=\"wp-polls-image\" \/>&nbsp;Wird geladen ...<\/div>\n\n<p>Am Anfang stand die Hoffnung, dass dieses Projekt eine Chance f\u00fcr unsere Gemeinde ist, sich selbst und die Vielfalt, mit der\u00a0Gott uns beschenkt, neu zu entdecken.\u00a0 Wie sich gezeigt hat, besteht nicht nur ein gro\u00dfes Interesse nach Information,\u00a0das zum Beispiel durch die Bereitstellung von aktuellen Terminen und Berichten bedient wird, sondern auch daran, miteinander in Kontakt zu treten und \u00fcber Gemeindefragen und den Glauben zu diskutieren.<br \/>\nNat\u00fcrlich findet Gemeinde weiterhin und zuallererst offline statt. Vertrauen wir aber darauf, dass Gottes Phantasie, mit seiner Liebe unsere Herzen zu erreichen, sehr gro\u00df ist. In diesem Sinne d\u00fcrfen wir uns auch darauf freuen, ihm hier an dieser Stelle das eine oder andere mal zu begegen.<\/p>\n<p>Das Redaktionsteam<\/p>\n","protected":false},"excerpt":{"rendered":"<p>Die neue Internetseite unserer Kirchgemeinde ist nun seit ziemlich genau einem Vierteljahr\u00a0online &#8211; Gelegenheit f\u00fcr\u00a0eine kleine Bestandsaufnahme.<\/p>\n","protected":false},"author":8,"featured_media":0,"comment_status":"open","ping_status":"open","sticky":false,"template":"","format":"standard","meta":{"ngg_post_thumbnail":0,"footnotes":""},"categories":[161],"tags":[],"class_list":["post-639","post","type-post","status-publish","format-standard","hentry","category-gemeinsam"],"_links":{"self":[{"href":"https:\/\/www.kirche-obercrinitz.de\/wordpress\/wp-json\/wp\/v2\/posts\/639"}],"collection":[{"href":"https:\/\/www.kirche-obercrinitz.de\/wordpress\/wp-json\/wp\/v2\/posts"}],"about":[{"href":"https:\/\/www.kirche-obercrinitz.de\/wordpress\/wp-json\/wp\/v2\/types\/post"}],"author":[{"embeddable":true,"href":"https:\/\/www.kirche-obercrinitz.de\/wordpress\/wp-json\/wp\/v2\/users\/8"}],"replies":[{"embeddable":true,"href":"https:\/\/www.kirche-obercrinitz.de\/wordpress\/wp-json\/wp\/v2\/comments?post=639"}],"version-history":[{"count":69,"href":"https:\/\/www.kirche-obercrinitz.de\/wordpress\/wp-json\/wp\/v2\/posts\/639\/revisions"}],"predecessor-version":[{"id":3814,"href":"https:\/\/www.kirche-obercrinitz.de\/wordpress\/wp-json\/wp\/v2\/posts\/639\/revisions\/3814"}],"wp:attachment":[{"href":"https:\/\/www.kirche-obercrinitz.de\/wordpress\/wp-json\/wp\/v2\/media?parent=639"}],"wp:term":[{"taxonomy":"category","embeddable":true,"href":"https:\/\/www.kirche-obercrinitz.de\/wordpress\/wp-json\/wp\/v2\/categories?post=639"},{"taxonomy":"post_tag","embeddable":true,"href":"https:\/\/www.kirche-obercrinitz.de\/wordpress\/wp-json\/wp\/v2\/tags?post=639"}],"curies":[{"name":"wp","href":"https:\/\/api.w.org\/{rel}","templated":true}]}}