{"id":5647,"date":"2015-04-21T18:48:37","date_gmt":"2015-04-21T16:48:37","guid":{"rendered":"http:\/\/www.kirche-obercrinitz.de\/wordpress\/?p=5647"},"modified":"2023-01-02T09:17:03","modified_gmt":"2023-01-02T08:17:03","slug":"bischofswahl","status":"publish","type":"post","link":"https:\/\/www.kirche-obercrinitz.de\/wordpress\/2015\/04\/bischofswahl\/","title":{"rendered":"Bischofswahl"},"content":{"rendered":"<p>Ein neuer Bischof oder eine neue Bisch\u00f6fin wird demn\u00e4chst gew\u00e4hlt. Da der Landesbischof unserer s\u00e4chsischen Landeskirche Jochen Bohl Ende August in den Ruhestand geht, w\u00e4hlt die Synode Ende Mai. Am letzten Wochenende sind die<strong> vier Kandidaten<\/strong> bekannt <!--more-->geworden, die zur Wahl stehen (am 18.5. um 19 Uhr stellen sich alle vier in der Markuskirche Chemnitz vor):<\/p>\n<p>Wer ist Euer Favorit?<\/p>\n<p>&gt; Oberlandeskirchenrat <strong>Dietrich Bauer <\/strong>(55) ist seit 2009 Dezernent f\u00fcr Gemeindeaufbau, Seelsorge und Medien im Landeskirchenamt. Zuvor war er Gemeindepfarrer in Leipzig. Von 2000 bis 2006 leitete er das Predigerseminar St. Pauli in Leipzig, wo er seit 1995 bereits als Studienleiter t\u00e4tig war. Seine erste Pfarrstelle hatte er in Hochkirch in der Oberlausitz inne.<\/p>\n<p>&gt; Pfarrerin <strong>Margrit Klatte <\/strong>(47) leitete seit 2011 als Pfarrerin das Kirchspiel Dresden-Neustadt und wurde 2014 zur Nachfolgerin des derzeitigen Personaldezernenten im Landeskirchenamt gew\u00e4hlt. Dieses Amt wird sie nach den bisherigen Planungen ab Juni 2015 antreten. Ihre erste Pfarrstelle hatte sie von 2003 bis 2011 im Schwesterkirchverbund Conradsdorf, Tuttendorf, Naundorf und Hilbersdorf bei Freiberg inne. Als Mitglied 26. Landessynode geh\u00f6rte sie dem Pr\u00e4sidium an und sie war Mitglied der Kirchenleitung.<\/p>\n<p>&gt; Pfarrer <strong>Dr. Carsten Rentzing <\/strong>(47) ist seit 2010 Pfarrer in Markneukirchen im Vogtland. Zuvor hatte er f\u00fcr elf Jahre die Pfarrstelle im erzgebirgischen Annaberg-Buchholz inne. Er war Mitglied der 26. Landessynode, s\u00e4chsischer Vertreter in der 11. EKD-Synode und Vizepr\u00e4sident der 11. Generalsynode der Vereinigten Evangelisch-Lutherischen Kirche Deutschlands (VELKD). Aktuell geh\u00f6rt er der 27. Landessynode an und vertritt die s\u00e4chsische Landeskirche in der 12. EKD-Synode und der 12. Generalsynode der VELKD. (Er geh\u00f6rt zur Bekenntnis-Initiative.)<\/p>\n<p>&gt; Landesjugendpfarrer <strong>Tobias Bi<\/strong>lz (50) leitet seit 2007 das Landesjugendpfarramt. Zuvor war er sechs Jahre lang Jugendpfarrer in Stollberg, davor 16 Jahre lang Gemeindepfarrer im erzgebirgischen Erlbach-Kirchberg.<\/p>\n<p><strong>Und vor allem: Wer ist Gottes Favorit? Also ein F\u00fcrbitte-Anliegen. Gott sende und berufe nach Seiner Weisheit ein Schaf (siehe aktuelle Predigt) in diese amtliche Verantwortung!<\/strong><\/p>\n<p>&nbsp;<\/p>\n<p>Weitere Informationen: <a href=\"http:\/\/www.freiepresse.de\/NACHRICHTEN\/SACHSEN\/Ueberraschung-vor-Bischofswahl-artikel9171327.php\">Freie Presse<\/a>, <a href=\"http:\/\/www.evlks.de\/landeskirche\/landessynode\/26276.html\">EVLKS<\/a>, <a href=\"https:\/\/www.sonntag-sachsen.de\/bisher-vier-kandidaten-fuer-wahl-des-neuen-bischofs\">Zeitung &#8220;Sonntag&#8221;<\/a><\/p>\n<p>&nbsp;<\/p>\n","protected":false},"excerpt":{"rendered":"<p>Ein neuer Bischof oder eine neue Bisch\u00f6fin wird demn\u00e4chst gew\u00e4hlt. Da der Landesbischof unserer s\u00e4chsischen Landeskirche Jochen Bohl Ende August in den Ruhestand geht, w\u00e4hlt die Synode Ende Mai. Am letzten Wochenende sind die&#46;&#46;&#46;<\/p>\n","protected":false},"author":225,"featured_media":0,"comment_status":"open","ping_status":"open","sticky":false,"template":"","format":"standard","meta":{"ngg_post_thumbnail":0,"footnotes":""},"categories":[161],"tags":[],"class_list":["post-5647","post","type-post","status-publish","format-standard","hentry","category-gemeinsam"],"_links":{"self":[{"href":"https:\/\/www.kirche-obercrinitz.de\/wordpress\/wp-json\/wp\/v2\/posts\/5647"}],"collection":[{"href":"https:\/\/www.kirche-obercrinitz.de\/wordpress\/wp-json\/wp\/v2\/posts"}],"about":[{"href":"https:\/\/www.kirche-obercrinitz.de\/wordpress\/wp-json\/wp\/v2\/types\/post"}],"author":[{"embeddable":true,"href":"https:\/\/www.kirche-obercrinitz.de\/wordpress\/wp-json\/wp\/v2\/users\/225"}],"replies":[{"embeddable":true,"href":"https:\/\/www.kirche-obercrinitz.de\/wordpress\/wp-json\/wp\/v2\/comments?post=5647"}],"version-history":[{"count":5,"href":"https:\/\/www.kirche-obercrinitz.de\/wordpress\/wp-json\/wp\/v2\/posts\/5647\/revisions"}],"predecessor-version":[{"id":5653,"href":"https:\/\/www.kirche-obercrinitz.de\/wordpress\/wp-json\/wp\/v2\/posts\/5647\/revisions\/5653"}],"wp:attachment":[{"href":"https:\/\/www.kirche-obercrinitz.de\/wordpress\/wp-json\/wp\/v2\/media?parent=5647"}],"wp:term":[{"taxonomy":"category","embeddable":true,"href":"https:\/\/www.kirche-obercrinitz.de\/wordpress\/wp-json\/wp\/v2\/categories?post=5647"},{"taxonomy":"post_tag","embeddable":true,"href":"https:\/\/www.kirche-obercrinitz.de\/wordpress\/wp-json\/wp\/v2\/tags?post=5647"}],"curies":[{"name":"wp","href":"https:\/\/api.w.org\/{rel}","templated":true}]}}