{"id":5612,"date":"2015-04-13T21:27:45","date_gmt":"2015-04-13T19:27:45","guid":{"rendered":"http:\/\/www.kirche-obercrinitz.de\/wordpress\/?p=5612"},"modified":"2023-01-02T09:30:35","modified_gmt":"2023-01-02T08:30:35","slug":"live-konzert-mit-andi-weiss","status":"publish","type":"post","link":"https:\/\/www.kirche-obercrinitz.de\/wordpress\/2015\/04\/live-konzert-mit-andi-weiss\/","title":{"rendered":"!!! Live &#8211; Konzert mit Andi Weiss !!!"},"content":{"rendered":"<p><a href=\"https:\/\/www.kirche-obercrinitz.de\/wordpress\/wp-content\/uploads\/2015\/04\/AndiWeiss.jpg\"><img loading=\"lazy\" decoding=\"async\" class=\"alignleft wp-image-5624 \" src=\"https:\/\/www.kirche-obercrinitz.de\/wordpress\/wp-content\/uploads\/2015\/04\/AndiWeiss_red-300x264.jpg\" alt=\"\" width=\"264\" height=\"232\" srcset=\"https:\/\/www.kirche-obercrinitz.de\/wordpress\/wp-content\/uploads\/2015\/04\/AndiWeiss_red-300x264.jpg 300w, https:\/\/www.kirche-obercrinitz.de\/wordpress\/wp-content\/uploads\/2015\/04\/AndiWeiss_red-1024x902.jpg 1024w, https:\/\/www.kirche-obercrinitz.de\/wordpress\/wp-content\/uploads\/2015\/04\/AndiWeiss_red-900x792.jpg 900w\" sizes=\"(max-width: 264px) 100vw, 264px\" \/><\/a>Wir, die Wildenauer Kirchgemeinde, laden Euch alle recht herzlich zu einem Konzertabend mit Andi Weiss in unsere <strong>Kreuzkirche in Wildenau<\/strong> am <strong>15. Mai 2015 ab 19.30 Uhr<\/strong> ein.<\/p>\n<p><strong>Der Eintritt ist frei.<\/strong><\/p>\n<p>Sicher fragt sich jetzt der ein- oder andere: &#8220;Wer ist Andi Weiss?&#8221;&#8230;<!--more--><br \/>\nHier ein paar Informationen von seiner Website.<\/p>\n<p>&#8220;Eigene Lieder, gew\u00fcrzt mit Texten und Geschichten, regen zum Nachdenken, Schmunzeln, Weinen und Tr\u00e4umen an. Andi Weiss ist ein begabter Songwriter, \u201eGeschichtensammler und -erz\u00e4hler\u201c.<br \/>\nSeine Lieder entspringen durchlebten Begegnungen \u2013 mit sich und anderen Menschen \u2013 und geben den fl\u00fcchtigen Momenten des Lebens ein Gesicht. Diese nachhaltige Begegnung gelingt Andi Weiss mit anr\u00fchrenden Geschichten, wundersch\u00f6nen Piano-Arrangements, kurzweiligen Erz\u00e4hlungen und bebilderten Liedern.<br \/>\nNeben seinen CDs hat er zahlreiche B\u00fccher ver\u00f6ffentlicht, begleitet als evangelischer Diakon und Logotherapeut beratend Menschen in Krisensituationen und tritt als Musiker, Sprecher oder Moderator bei den unterschiedlichsten Veranstaltungen, auf B\u00fchnen, im Radio oder im TV auf.&#8221; (\u00a9 www.andi-weiss.de)<\/p>\n<p><strong>Also &#8211; Termin nicht verpassen und live dabei sein, wenn es hei\u00dft &#8220;Andi Weiss kommt mit seinem Programm &#8216;Lieb Dich Gesund&#8217; nach Wildenau&#8221;!<\/strong><\/p>\n<p>Der Veranstaltungsort: <a href=\"https:\/\/www.google.de\/maps\/place\/50%C2%B033%2718.4%22N+12%C2%B026%2758.1%22E\/@50.555104,12.449477,16z\/data=!4m2!3m1!1s0x0:0x0\">Google Maps<\/a><\/p>\n<p>Andi Weiss im Internet: <a href=\"http:\/\/www.andi-weiss.de\" target=\"_blank\" rel=\"noopener\">www.andi-weiss.de<\/a><\/p>\n<p>Youtube-Kanal:<a class=\"moz-txt-link-abbreviated\" href=\"http:\/\/www.andi-weiss.de\/videos\" target=\"_blank\" rel=\"noopener\">www.andi-weiss.de\/videos<\/a><\/p>\n","protected":false},"excerpt":{"rendered":"<p>Wir, die Wildenauer Kirchgemeinde, laden Euch alle recht herzlich zu einem Konzertabend mit Andi Weiss in unsere Kreuzkirche in Wildenau am 15. Mai 2015 ab 19.30 Uhr ein. Der Eintritt ist frei. Sicher fragt&#46;&#46;&#46;<\/p>\n","protected":false},"author":221,"featured_media":5614,"comment_status":"open","ping_status":"open","sticky":false,"template":"","format":"standard","meta":{"ngg_post_thumbnail":0,"footnotes":""},"categories":[159],"tags":[],"class_list":["post-5612","post","type-post","status-publish","format-standard","has-post-thumbnail","hentry","category-wildenau"],"_links":{"self":[{"href":"https:\/\/www.kirche-obercrinitz.de\/wordpress\/wp-json\/wp\/v2\/posts\/5612"}],"collection":[{"href":"https:\/\/www.kirche-obercrinitz.de\/wordpress\/wp-json\/wp\/v2\/posts"}],"about":[{"href":"https:\/\/www.kirche-obercrinitz.de\/wordpress\/wp-json\/wp\/v2\/types\/post"}],"author":[{"embeddable":true,"href":"https:\/\/www.kirche-obercrinitz.de\/wordpress\/wp-json\/wp\/v2\/users\/221"}],"replies":[{"embeddable":true,"href":"https:\/\/www.kirche-obercrinitz.de\/wordpress\/wp-json\/wp\/v2\/comments?post=5612"}],"version-history":[{"count":13,"href":"https:\/\/www.kirche-obercrinitz.de\/wordpress\/wp-json\/wp\/v2\/posts\/5612\/revisions"}],"predecessor-version":[{"id":14127,"href":"https:\/\/www.kirche-obercrinitz.de\/wordpress\/wp-json\/wp\/v2\/posts\/5612\/revisions\/14127"}],"wp:featuredmedia":[{"embeddable":true,"href":"https:\/\/www.kirche-obercrinitz.de\/wordpress\/wp-json\/wp\/v2\/media\/5614"}],"wp:attachment":[{"href":"https:\/\/www.kirche-obercrinitz.de\/wordpress\/wp-json\/wp\/v2\/media?parent=5612"}],"wp:term":[{"taxonomy":"category","embeddable":true,"href":"https:\/\/www.kirche-obercrinitz.de\/wordpress\/wp-json\/wp\/v2\/categories?post=5612"},{"taxonomy":"post_tag","embeddable":true,"href":"https:\/\/www.kirche-obercrinitz.de\/wordpress\/wp-json\/wp\/v2\/tags?post=5612"}],"curies":[{"name":"wp","href":"https:\/\/api.w.org\/{rel}","templated":true}]}}