{"id":509,"date":"2010-01-04T11:21:59","date_gmt":"2010-01-04T09:21:59","guid":{"rendered":"http:\/\/www.kirche-obercrinitz.de\/wordpress\/?p=509"},"modified":"2023-01-02T08:58:59","modified_gmt":"2023-01-02T07:58:59","slug":"silvester-bei-kerzenschein-ein-besinnlicher-jahreswechsel","status":"publish","type":"post","link":"https:\/\/www.kirche-obercrinitz.de\/wordpress\/2010\/01\/silvester-bei-kerzenschein-ein-besinnlicher-jahreswechsel\/","title":{"rendered":"Stiller Ausklang- Ein besinnlicher Jahreswechsel"},"content":{"rendered":"<p><img loading=\"lazy\" decoding=\"async\" class=\"ngg-singlepic ngg-left\" src=\"https:\/\/www.kirche-obercrinitz.de\/wordpress\/wp-content\/gallery\/silvesterandacht2009\/silvester09.jpg\" alt=\"silvester09\" width=\"210\" height=\"290\" \/>2009 &#8211; ein Jahr voller H\u00f6hen und Tiefen, voller Erlebnisse im Gemeinde- Arbeits- und Privatleben, voller Hektik und Ver\u00e4nderungen- wir wollten Abschied nehmen von diesem bewegenden Jahr- in besinnlicher und ruhiger Runde. <!--more-->Deshalb stand auch in diesem Jahr unsere Kirchent\u00fcr weit offen f\u00fcr alle die, die den Jahreswechsel mal \u201eanders\u201c feiern wollten.<\/p>\n<p>Im Vorfeld haben wir \u00fcberlegt, wie wir die letzte halbe Stunde des Alten Jahres gestalten k\u00f6nnen &#8211; nach einem gemeinsamen Gebet waren wir uns dann aber schnell einig, das es diesmal \u201eeinfacher und ruhiger\u201c werden sollte. Und so war es dann auch.<\/p>\n<p>Wir sa\u00dfen in einer kleinen Gruppe bei Kerzenschein zusammen, haben gesungen und gebetet und uns einfach f\u00fchren lassen. In einer Zeit der Stille konnte jeder noch mal das vergangene Jahr f\u00fcr sich ganz pers\u00f6nlich bedenken und an Gott abgeben.<\/p>\n<p>Wir w\u00fcnschen Euch allen ein gesegnetes und gesundes Neues Jahr, bleibt beh\u00fctet!<\/p>\n<p>Christian und Tina<\/p>\n","protected":false},"excerpt":{"rendered":"<p>2009 &#8211; ein Jahr voller H\u00f6hen und Tiefen, voller Erlebnisse im Gemeinde- Arbeits- und Privatleben, voller Hektik und Ver\u00e4nderungen- wir wollten Abschied nehmen von diesem bewegenden Jahr- in besinnlicher und ruhiger Runde.<\/p>\n","protected":false},"author":2,"featured_media":0,"comment_status":"open","ping_status":"open","sticky":false,"template":"","format":"standard","meta":{"ngg_post_thumbnail":0,"footnotes":""},"categories":[158],"tags":[],"class_list":["post-509","post","type-post","status-publish","format-standard","hentry","category-obercrinitz"],"_links":{"self":[{"href":"https:\/\/www.kirche-obercrinitz.de\/wordpress\/wp-json\/wp\/v2\/posts\/509"}],"collection":[{"href":"https:\/\/www.kirche-obercrinitz.de\/wordpress\/wp-json\/wp\/v2\/posts"}],"about":[{"href":"https:\/\/www.kirche-obercrinitz.de\/wordpress\/wp-json\/wp\/v2\/types\/post"}],"author":[{"embeddable":true,"href":"https:\/\/www.kirche-obercrinitz.de\/wordpress\/wp-json\/wp\/v2\/users\/2"}],"replies":[{"embeddable":true,"href":"https:\/\/www.kirche-obercrinitz.de\/wordpress\/wp-json\/wp\/v2\/comments?post=509"}],"version-history":[{"count":10,"href":"https:\/\/www.kirche-obercrinitz.de\/wordpress\/wp-json\/wp\/v2\/posts\/509\/revisions"}],"predecessor-version":[{"id":3840,"href":"https:\/\/www.kirche-obercrinitz.de\/wordpress\/wp-json\/wp\/v2\/posts\/509\/revisions\/3840"}],"wp:attachment":[{"href":"https:\/\/www.kirche-obercrinitz.de\/wordpress\/wp-json\/wp\/v2\/media?parent=509"}],"wp:term":[{"taxonomy":"category","embeddable":true,"href":"https:\/\/www.kirche-obercrinitz.de\/wordpress\/wp-json\/wp\/v2\/categories?post=509"},{"taxonomy":"post_tag","embeddable":true,"href":"https:\/\/www.kirche-obercrinitz.de\/wordpress\/wp-json\/wp\/v2\/tags?post=509"}],"curies":[{"name":"wp","href":"https:\/\/api.w.org\/{rel}","templated":true}]}}