{"id":355,"date":"2009-12-12T19:47:02","date_gmt":"2009-12-12T17:47:02","guid":{"rendered":"http:\/\/www.kirche-obercrinitz.de\/wordpress\/?p=355"},"modified":"2023-01-02T09:47:42","modified_gmt":"2023-01-02T08:47:42","slug":"konfitag-stangengrun","status":"publish","type":"post","link":"https:\/\/www.kirche-obercrinitz.de\/wordpress\/2009\/12\/konfitag-stangengrun\/","title":{"rendered":"Konfitag Stangengr\u00fcn"},"content":{"rendered":"<p>So heut war\u00b4s wieder mal soweit&#8230;<!--more--><\/p>\n<p>&#8230; Heute trafen sich dieKonfirmanden unserer drei Schwesterkirchgemeinden zum Konfirmandentag in Stangengr\u00fcn. Der Konfitag stand heute unter dem Thema: <strong>Was kommt nach dem Tod? -Das Ewige Leben.<\/strong><\/p>\n<p>Zuerst machten wir nat\u00fcrlich erstmal &#8220;Krach&#8221; f\u00fcr den Herrn, sprich Lobpreis, danach gab es eine Verk\u00fcndigung vom Pfarrer und Jakob zu unserem heutigen Thema. Anschlie\u00dfend f\u00fchrten wir ein Planspiel durch zum Thema: Wer von vier Personen, jede Konfigruppe bekam eine Person, darf in den Himmel und das Ewige Leben erlangen?\u00a0 Am Ende des Planspiel mussten die Konfis feststellen, das irgendwie keiner ihrer Personen so richtig das Recht hat, in den Himmel zu kommen, bzw. dar\u00fcber zu entscheiden, ob sie nach ihren Taten den Anspruch haben. Denn nur allein Gott entscheidet dar\u00fcber, er hat seinen Sohn gegeben, der unsere Schuld tr\u00e4gt und uns das Ewige Leben geschenkt hat.<\/p>\n<p>Zwischendurch schauten wir noch einen Film an, der auch das Leben nach dem Tod thematisierte.<\/p>\n<p>Zum Schluss gab es dann erstmal eine St\u00e4rkung f\u00fcr die Konfirmanden und dann ging der Konfitag auch schon zu Ende.<\/p>\n<p>Hier ein paar Bilder zum Konfitag&#8230;<\/p>\nngg_shortcode_0_placeholder\n","protected":false},"excerpt":{"rendered":"<p>So heut war\u00b4s wieder mal soweit&#8230;<\/p>\n","protected":false},"author":17,"featured_media":0,"comment_status":"open","ping_status":"open","sticky":false,"template":"","format":"standard","meta":{"ngg_post_thumbnail":0,"footnotes":""},"categories":[161],"tags":[],"class_list":["post-355","post","type-post","status-publish","format-standard","hentry","category-gemeinsam"],"_links":{"self":[{"href":"https:\/\/www.kirche-obercrinitz.de\/wordpress\/wp-json\/wp\/v2\/posts\/355"}],"collection":[{"href":"https:\/\/www.kirche-obercrinitz.de\/wordpress\/wp-json\/wp\/v2\/posts"}],"about":[{"href":"https:\/\/www.kirche-obercrinitz.de\/wordpress\/wp-json\/wp\/v2\/types\/post"}],"author":[{"embeddable":true,"href":"https:\/\/www.kirche-obercrinitz.de\/wordpress\/wp-json\/wp\/v2\/users\/17"}],"replies":[{"embeddable":true,"href":"https:\/\/www.kirche-obercrinitz.de\/wordpress\/wp-json\/wp\/v2\/comments?post=355"}],"version-history":[{"count":6,"href":"https:\/\/www.kirche-obercrinitz.de\/wordpress\/wp-json\/wp\/v2\/posts\/355\/revisions"}],"predecessor-version":[{"id":361,"href":"https:\/\/www.kirche-obercrinitz.de\/wordpress\/wp-json\/wp\/v2\/posts\/355\/revisions\/361"}],"wp:attachment":[{"href":"https:\/\/www.kirche-obercrinitz.de\/wordpress\/wp-json\/wp\/v2\/media?parent=355"}],"wp:term":[{"taxonomy":"category","embeddable":true,"href":"https:\/\/www.kirche-obercrinitz.de\/wordpress\/wp-json\/wp\/v2\/categories?post=355"},{"taxonomy":"post_tag","embeddable":true,"href":"https:\/\/www.kirche-obercrinitz.de\/wordpress\/wp-json\/wp\/v2\/tags?post=355"}],"curies":[{"name":"wp","href":"https:\/\/api.w.org\/{rel}","templated":true}]}}