{"id":3544,"date":"2015-02-10T09:49:12","date_gmt":"2015-02-10T08:49:12","guid":{"rendered":"http:\/\/www.kirche-obercrinitz.de\/wordpress\/?p=3544"},"modified":"2023-01-02T09:31:44","modified_gmt":"2023-01-02T08:31:44","slug":"herzliche-einladung-zu-den-kinderbibeltagen","status":"publish","type":"post","link":"https:\/\/www.kirche-obercrinitz.de\/wordpress\/2015\/02\/herzliche-einladung-zu-den-kinderbibeltagen\/","title":{"rendered":"Herzliche Einladung zu den Kinderbibeltagen"},"content":{"rendered":"<p><a href=\"https:\/\/www.kirche-obercrinitz.de\/wordpress\/wp-content\/uploads\/2015\/02\/Logo1.jpg\"><img loading=\"lazy\" decoding=\"async\" class=\"alignleft wp-image-3545\" src=\"https:\/\/www.kirche-obercrinitz.de\/wordpress\/wp-content\/uploads\/2015\/02\/Logo1.jpg\" alt=\"Kinderbibeltage2015_Logo\" width=\"238\" height=\"253\" \/><\/a>Herzliche Einladung zu den Kinderbibeltagen n\u00e4chste Woche!<\/p>\n<p>Eingeladen sind<strong> alle Kinder der 1.-5. Klasse,\u00a0<\/strong><strong>vom 18.-20. Februar 2015,\u00a0<\/strong>im Zeitraum<strong> von 9 bis 13 Uhr<\/strong> (Einlass: 8:45 Uhr)\u00a0gemeinsam mit einem gro\u00dfen Team die Kinderbibeltage zum Thema &#8220;Eine Freundschaft, die tr\u00e4gt&#8221; in Obercrinitz zu erleben! \ud83d\ude42<!--more--><\/p>\n<p>Es steht ein vielf\u00e4ltiges Programm auf dem Plan. Neben witzigen Anspielen, einer Menge Spiel und Spa\u00df und einer wertvollen Botschaft, erwartet uns am Freitag ein ganz besonderer Gast von weit weit her. Lasst euch \u00fcberraschen aus welchem Land sie extra anreist und was sie uns \u00fcber ihr Land zu berichtet hat und was das mit unserem Thema &#8220;Eine Freundschaft, die tr\u00e4gt&#8221; zu tun hat.<\/p>\n<p>Seid gespannt! Wir sind es auch und freuen uns auf euch!<\/p>\n<p>Euer KIBITA-Team und Anne Fenderl<\/p>\n<p>P.S.: Wer sich bzw. sein Kind noch anmelden m\u00f6chte und\/oder Fragen hat, schreibe bitte einfach eine E-Mail an mich (a.fenderl[at]gmx.de). Die Teilnahmekosten betragen 3 \u20ac.<\/p>\n<p>&nbsp;<\/p>\n","protected":false},"excerpt":{"rendered":"<p>Herzliche Einladung zu den Kinderbibeltagen n\u00e4chste Woche! Eingeladen sind alle Kinder der 1.-5. Klasse,\u00a0vom 18.-20. Februar 2015,\u00a0im Zeitraum von 9 bis 13 Uhr (Einlass: 8:45 Uhr)\u00a0gemeinsam mit einem gro\u00dfen Team die Kinderbibeltage zum Thema&#46;&#46;&#46;<\/p>\n","protected":false},"author":217,"featured_media":0,"comment_status":"open","ping_status":"open","sticky":false,"template":"","format":"standard","meta":{"ngg_post_thumbnail":0,"footnotes":""},"categories":[161],"tags":[],"class_list":["post-3544","post","type-post","status-publish","format-standard","hentry","category-gemeinsam"],"_links":{"self":[{"href":"https:\/\/www.kirche-obercrinitz.de\/wordpress\/wp-json\/wp\/v2\/posts\/3544"}],"collection":[{"href":"https:\/\/www.kirche-obercrinitz.de\/wordpress\/wp-json\/wp\/v2\/posts"}],"about":[{"href":"https:\/\/www.kirche-obercrinitz.de\/wordpress\/wp-json\/wp\/v2\/types\/post"}],"author":[{"embeddable":true,"href":"https:\/\/www.kirche-obercrinitz.de\/wordpress\/wp-json\/wp\/v2\/users\/217"}],"replies":[{"embeddable":true,"href":"https:\/\/www.kirche-obercrinitz.de\/wordpress\/wp-json\/wp\/v2\/comments?post=3544"}],"version-history":[{"count":3,"href":"https:\/\/www.kirche-obercrinitz.de\/wordpress\/wp-json\/wp\/v2\/posts\/3544\/revisions"}],"predecessor-version":[{"id":3549,"href":"https:\/\/www.kirche-obercrinitz.de\/wordpress\/wp-json\/wp\/v2\/posts\/3544\/revisions\/3549"}],"wp:attachment":[{"href":"https:\/\/www.kirche-obercrinitz.de\/wordpress\/wp-json\/wp\/v2\/media?parent=3544"}],"wp:term":[{"taxonomy":"category","embeddable":true,"href":"https:\/\/www.kirche-obercrinitz.de\/wordpress\/wp-json\/wp\/v2\/categories?post=3544"},{"taxonomy":"post_tag","embeddable":true,"href":"https:\/\/www.kirche-obercrinitz.de\/wordpress\/wp-json\/wp\/v2\/tags?post=3544"}],"curies":[{"name":"wp","href":"https:\/\/api.w.org\/{rel}","templated":true}]}}