{"id":3387,"date":"2015-01-08T20:24:34","date_gmt":"2015-01-08T19:24:34","guid":{"rendered":"http:\/\/www.kirche-obercrinitz.de\/wordpress\/?p=3387"},"modified":"2016-01-31T21:20:10","modified_gmt":"2016-01-31T20:20:10","slug":"das-vaterunser","status":"publish","type":"post","link":"https:\/\/www.kirche-obercrinitz.de\/wordpress\/2015\/01\/das-vaterunser\/","title":{"rendered":"Das Vaterunser"},"content":{"rendered":"<div id=\"attachment_3389\" style=\"width: 260px\" class=\"wp-caption alignleft\"><a href=\"https:\/\/www.kirche-obercrinitz.de\/wordpress\/wp-content\/uploads\/2015\/01\/AGW-Foto2015-klein.jpg\"><img loading=\"lazy\" decoding=\"async\" aria-describedby=\"caption-attachment-3389\" class=\"wp-image-3389\" src=\"https:\/\/www.kirche-obercrinitz.de\/wordpress\/wp-content\/uploads\/2015\/01\/AGW-Foto2015-klein.jpg\" alt=\"Chalkboard with book, digital toned image\" width=\"250\" height=\"166\" srcset=\"https:\/\/www.kirche-obercrinitz.de\/wordpress\/wp-content\/uploads\/2015\/01\/AGW-Foto2015-klein.jpg 800w, https:\/\/www.kirche-obercrinitz.de\/wordpress\/wp-content\/uploads\/2015\/01\/AGW-Foto2015-klein-300x199.jpg 300w\" sizes=\"(max-width: 250px) 100vw, 250px\" \/><\/a><p id=\"caption-attachment-3389\" class=\"wp-caption-text\">istockphoto.com\/dem10<\/p><\/div>\n<p>Wieder steht die Allianzgebetswoche vor der T\u00fcr.<\/p>\n<p>Das Thema, das durch die Woche f\u00fchrt, hei\u00dft diesmal:<\/p>\n<p><strong>&#8220;Jesus lehrt beten &#8211; Das Vaterunser&#8221;<\/strong><\/p>\n<p>&nbsp;<\/p>\n<p>Die einzelnen Gebetsabende werden in Obercrinitz<!--more--> wieder reihum in den 3 Gemeinden und in der gewohnten Reihenfolge stattfinden:<\/p>\n<p>Sonntag, 11.01. Gottesdienst\u00a0(in den Gemeinden zur jeweils \u00fcblichen Zeit)<\/p>\n<p>Montag, 12.01. Gebetsabend in der\u00a0LKG (19.30 Uhr)<\/p>\n<p>Dienstag 13.01. Gebetsabend in der LKG (19.30 Uhr)<\/p>\n<p>Mittwoch 14.01. Gebetsabend in der EFG (19.30 Uhr)<\/p>\n<p>Donnerstag 15.01. Gebetsabend in der EFG (19.30 Uhr)<\/p>\n<p>Freitag 16.01. Gebetsabend im Pfarrsaal (19.30 Uhr)<\/p>\n<p>Samstag 17.01. Gebetsabend im Pfarrsaal (19.30 Uhr)<\/p>\n<p>Sonntag 18.01. Abschlussgottesdienst in der Kirche (10.15 Uhr)<\/p>\n<p>Auf den Seiten der Evangelischen Allianz gibts umfangreiche Infos zu den\u00a0Themen der einzelnen Abende und zur\u00a0Allianzarbeit.<\/p>\n<p><a title=\"Evangelische Allianz Deutschland\" href=\"http:\/\/www.ead.de\" target=\"_blank\">Link zur\u00a0Evangelischen Allianz Deutschland<\/a><\/p>\n<p><a title=\"Begleitheft\" href=\"http:\/\/www.ead.de\/fileadmin\/daten\/dokumente\/eins\/EINS_14_Magazin_4-14_Web.pdf\" target=\"_blank\">Download des Begleitheftes zur Allianzgebetswoche<\/a><\/p>\n","protected":false},"excerpt":{"rendered":"<p>Wieder steht die Allianzgebetswoche vor der T\u00fcr. Das Thema, das durch die Woche f\u00fchrt, hei\u00dft diesmal: &#8220;Jesus lehrt beten &#8211; Das Vaterunser&#8221; &nbsp; Die einzelnen Gebetsabende werden in Obercrinitz<\/p>\n","protected":false},"author":8,"featured_media":0,"comment_status":"open","ping_status":"open","sticky":false,"template":"","format":"standard","meta":{"ngg_post_thumbnail":0,"footnotes":""},"categories":[21],"tags":[],"class_list":["post-3387","post","type-post","status-publish","format-standard","hentry","category-allianz"],"_links":{"self":[{"href":"https:\/\/www.kirche-obercrinitz.de\/wordpress\/wp-json\/wp\/v2\/posts\/3387"}],"collection":[{"href":"https:\/\/www.kirche-obercrinitz.de\/wordpress\/wp-json\/wp\/v2\/posts"}],"about":[{"href":"https:\/\/www.kirche-obercrinitz.de\/wordpress\/wp-json\/wp\/v2\/types\/post"}],"author":[{"embeddable":true,"href":"https:\/\/www.kirche-obercrinitz.de\/wordpress\/wp-json\/wp\/v2\/users\/8"}],"replies":[{"embeddable":true,"href":"https:\/\/www.kirche-obercrinitz.de\/wordpress\/wp-json\/wp\/v2\/comments?post=3387"}],"version-history":[{"count":15,"href":"https:\/\/www.kirche-obercrinitz.de\/wordpress\/wp-json\/wp\/v2\/posts\/3387\/revisions"}],"predecessor-version":[{"id":7255,"href":"https:\/\/www.kirche-obercrinitz.de\/wordpress\/wp-json\/wp\/v2\/posts\/3387\/revisions\/7255"}],"wp:attachment":[{"href":"https:\/\/www.kirche-obercrinitz.de\/wordpress\/wp-json\/wp\/v2\/media?parent=3387"}],"wp:term":[{"taxonomy":"category","embeddable":true,"href":"https:\/\/www.kirche-obercrinitz.de\/wordpress\/wp-json\/wp\/v2\/categories?post=3387"},{"taxonomy":"post_tag","embeddable":true,"href":"https:\/\/www.kirche-obercrinitz.de\/wordpress\/wp-json\/wp\/v2\/tags?post=3387"}],"curies":[{"name":"wp","href":"https:\/\/api.w.org\/{rel}","templated":true}]}}