{"id":3318,"date":"2014-12-10T19:16:34","date_gmt":"2014-12-10T18:16:34","guid":{"rendered":"http:\/\/www.kirche-obercrinitz.de\/wordpress\/?p=3318"},"modified":"2023-01-02T08:58:55","modified_gmt":"2023-01-02T07:58:55","slug":"alle-jahre-wieder","status":"publish","type":"post","link":"https:\/\/www.kirche-obercrinitz.de\/wordpress\/2014\/12\/alle-jahre-wieder\/","title":{"rendered":"Alle Jahre wieder&#8230;"},"content":{"rendered":"<p>&#8230; findet in der Vorweihnachtszeit ein <em>mittendrin<\/em>Gottesdienst zum Thema <strong>&#8220;Gedanken zum Advent&#8221;<\/strong> statt. Das Besondere: es gibt keine Predigt, sondern einige Gottesdienstbesucher lassen uns daran teilhaben, was ihnen in dieser Adventszeit wichtig geworden ist.<\/p>\n<p>&#8220;Gedanken zum Advent&#8221; l\u00e4dt ein, inne zu halten und <!--more-->eigene Priorit\u00e4ten zu \u00fcberdenken und zu ordnen.<\/p>\n<p>&#8220;Gedanken zum Advent&#8221; l\u00e4dt ein, Menschen und ihren Glauben kennen zu lernen.<\/p>\n<p>&#8220;Gedanken zum Advent&#8221; l\u00e4dt ein, dem Weihnachtswunder neu und fernab von allem Kitsch zu begegnen.<\/p>\n<p>&#8220;Gedanken zum Advent&#8221; l\u00e4dt dich ein:<\/p>\n<p><strong>14.12.2014<\/strong><\/p>\n<p><strong>09.30 Uhr<\/strong><\/p>\n<p><strong>Kirche Obercrinitz<\/strong><\/p>\n","protected":false},"excerpt":{"rendered":"<p>&#8230; findet in der Vorweihnachtszeit ein mittendrinGottesdienst zum Thema &#8220;Gedanken zum Advent&#8221; statt. Das Besondere: es gibt keine Predigt, sondern einige Gottesdienstbesucher lassen uns daran teilhaben, was ihnen in dieser Adventszeit wichtig geworden ist.&#46;&#46;&#46;<\/p>\n","protected":false},"author":2,"featured_media":0,"comment_status":"open","ping_status":"open","sticky":false,"template":"","format":"standard","meta":{"ngg_post_thumbnail":0,"footnotes":""},"categories":[158],"tags":[],"class_list":["post-3318","post","type-post","status-publish","format-standard","hentry","category-obercrinitz"],"_links":{"self":[{"href":"https:\/\/www.kirche-obercrinitz.de\/wordpress\/wp-json\/wp\/v2\/posts\/3318"}],"collection":[{"href":"https:\/\/www.kirche-obercrinitz.de\/wordpress\/wp-json\/wp\/v2\/posts"}],"about":[{"href":"https:\/\/www.kirche-obercrinitz.de\/wordpress\/wp-json\/wp\/v2\/types\/post"}],"author":[{"embeddable":true,"href":"https:\/\/www.kirche-obercrinitz.de\/wordpress\/wp-json\/wp\/v2\/users\/2"}],"replies":[{"embeddable":true,"href":"https:\/\/www.kirche-obercrinitz.de\/wordpress\/wp-json\/wp\/v2\/comments?post=3318"}],"version-history":[{"count":6,"href":"https:\/\/www.kirche-obercrinitz.de\/wordpress\/wp-json\/wp\/v2\/posts\/3318\/revisions"}],"predecessor-version":[{"id":3340,"href":"https:\/\/www.kirche-obercrinitz.de\/wordpress\/wp-json\/wp\/v2\/posts\/3318\/revisions\/3340"}],"wp:attachment":[{"href":"https:\/\/www.kirche-obercrinitz.de\/wordpress\/wp-json\/wp\/v2\/media?parent=3318"}],"wp:term":[{"taxonomy":"category","embeddable":true,"href":"https:\/\/www.kirche-obercrinitz.de\/wordpress\/wp-json\/wp\/v2\/categories?post=3318"},{"taxonomy":"post_tag","embeddable":true,"href":"https:\/\/www.kirche-obercrinitz.de\/wordpress\/wp-json\/wp\/v2\/tags?post=3318"}],"curies":[{"name":"wp","href":"https:\/\/api.w.org\/{rel}","templated":true}]}}