{"id":3081,"date":"2014-09-03T11:03:44","date_gmt":"2014-09-03T09:03:44","guid":{"rendered":"http:\/\/www.kirche-obercrinitz.de\/wordpress\/?p=3081"},"modified":"2023-01-02T10:45:15","modified_gmt":"2023-01-02T09:45:15","slug":"das-geringe-hat-gott-erwaehlt","status":"publish","type":"post","link":"https:\/\/www.kirche-obercrinitz.de\/wordpress\/2014\/09\/das-geringe-hat-gott-erwaehlt\/","title":{"rendered":"Das Geringe hat GOTT erw\u00e4hlt"},"content":{"rendered":"<p>&#8221; Das Geringe vor der Welt und das Verachtete hat GOTT erw\u00e4hlt, das, was nichts ist, damit er zunichte mache, was etwas ist, damit sich kein Mensch vor GOTT r\u00fchme.&#8221;<!--more--><\/p>\n<p>Diesen Satz aus dem 1. Korintherbrief schreibt Paulus an die Gemeinde in Korinth, weil dort Uneinigkeit herrscht und eine Spaltung droht. Es hatten sich verschiedene Gruppierungen gebildet. Die einen folgten der Lehre des Paulus, die n\u00e4chsten hielten sich zu Apollos, wieder andere zu Petrus und manche sagten: &#8220;Wir geh\u00f6ren zu Christus&#8221;.<br \/>\nUnd nat\u00fcrlich war jeder \u00fcberzeugt, er habe die richtige Erkenntnis und sei somit kl\u00fcger als die anderen. Kommt mir irgendwie bekannt vor, denn auch nach 2000 Jahren ist das immer noch so. Jeder hat eine Meinung oder Erkenntnis und h\u00e4lt diese nat\u00fcrlich f\u00fcr richtig, was folglich heisst, Andersdenkende m\u00fcssen sich irren. Das f\u00fchrt zu Streitigkeiten zwischen Menschen,\u00a0innerhalb einer Gemeinde und zwischen verschiedenen Gemeinden.<\/p>\n<p>Paulus schreibt den Christen damals und uns heute jedoch, dass keiner sich etwas auf seine (vermeintliche) Klugheit oder seine Leistung einbilden solle. Beides ist vor GOTT nichts wert, zumindest kann sich niemand dessen r\u00fchmen, denn GOTT selbst schenkt ja Klugheit, Erkenntnis und Leistungsverm\u00f6gen. Es kommt nicht von uns, sondern ist ein Geschenk.<\/p>\n<p>Und deshalb sollte ich meinen Stolz auf das, was ich bin und erreicht habe, mal ehrlich hinterfragen und in mich hineinhorchen, auf wen ich denn herabsehe, wen ich gering achte und ob das vor GOTT und den Menschen gerechtfertigt ist.<\/p>\n<p>Der Vers birgt aber noch einen anderen Aspekt in sich. Dass GOTT das Geringe und Verachtete erw\u00e4hlt hat und liebt, das gilt auch f\u00fcr mich als Person. Genauer gesagt, f\u00fcr den Teil von mir, den ich selbst gering achte, nicht mag, manchmal vielleicht sogar hasse. Das k\u00f6nnen Charaktereigenschaften, pers\u00f6nliche Defizite oder Unverm\u00f6gen sein.<br \/>\nMan w\u00e4re gerne\u00a0anders, mag sich selbst nicht und hadert mit den eigenen Grenzen.<br \/>\nAuch da gilt: das Geringe (an mir) hat GOTT erw\u00e4hlt, er sch\u00e4tzt und liebt es.<br \/>\nDas mag befremdlich klingen. Aber wenn ich nichts verachten soll, was GOTT geschaffen hat, dann gilt das nicht nur f\u00fcr andere Menschen, sonder auch -und im besonderen- f\u00fcr mich selbst.<br \/>\nWenn ich mich meiner St\u00e4rken nicht r\u00fchmen sollte, dann soll ich mich auch f\u00fcr meine Schw\u00e4chen nicht sch\u00e4men oder selbst verachten.<\/p>\n","protected":false},"excerpt":{"rendered":"<p>&#8221; Das Geringe vor der Welt und das Verachtete hat GOTT erw\u00e4hlt, das, was nichts ist, damit er zunichte mache, was etwas ist, damit sich kein Mensch vor GOTT r\u00fchme.&#8221;<\/p>\n","protected":false},"author":32,"featured_media":0,"comment_status":"open","ping_status":"open","sticky":false,"template":"","format":"standard","meta":{"ngg_post_thumbnail":0,"footnotes":""},"categories":[1],"tags":[],"class_list":["post-3081","post","type-post","status-publish","format-standard","hentry","category-glaube"],"_links":{"self":[{"href":"https:\/\/www.kirche-obercrinitz.de\/wordpress\/wp-json\/wp\/v2\/posts\/3081"}],"collection":[{"href":"https:\/\/www.kirche-obercrinitz.de\/wordpress\/wp-json\/wp\/v2\/posts"}],"about":[{"href":"https:\/\/www.kirche-obercrinitz.de\/wordpress\/wp-json\/wp\/v2\/types\/post"}],"author":[{"embeddable":true,"href":"https:\/\/www.kirche-obercrinitz.de\/wordpress\/wp-json\/wp\/v2\/users\/32"}],"replies":[{"embeddable":true,"href":"https:\/\/www.kirche-obercrinitz.de\/wordpress\/wp-json\/wp\/v2\/comments?post=3081"}],"version-history":[{"count":6,"href":"https:\/\/www.kirche-obercrinitz.de\/wordpress\/wp-json\/wp\/v2\/posts\/3081\/revisions"}],"predecessor-version":[{"id":3089,"href":"https:\/\/www.kirche-obercrinitz.de\/wordpress\/wp-json\/wp\/v2\/posts\/3081\/revisions\/3089"}],"wp:attachment":[{"href":"https:\/\/www.kirche-obercrinitz.de\/wordpress\/wp-json\/wp\/v2\/media?parent=3081"}],"wp:term":[{"taxonomy":"category","embeddable":true,"href":"https:\/\/www.kirche-obercrinitz.de\/wordpress\/wp-json\/wp\/v2\/categories?post=3081"},{"taxonomy":"post_tag","embeddable":true,"href":"https:\/\/www.kirche-obercrinitz.de\/wordpress\/wp-json\/wp\/v2\/tags?post=3081"}],"curies":[{"name":"wp","href":"https:\/\/api.w.org\/{rel}","templated":true}]}}