{"id":2616,"date":"2013-09-16T19:16:40","date_gmt":"2013-09-16T17:16:40","guid":{"rendered":"http:\/\/www.kirche-obercrinitz.de\/wordpress\/?p=2616"},"modified":"2023-01-02T09:47:41","modified_gmt":"2023-01-02T08:47:41","slug":"werkstatt-gottesdienst","status":"publish","type":"post","link":"https:\/\/www.kirche-obercrinitz.de\/wordpress\/2013\/09\/werkstatt-gottesdienst\/","title":{"rendered":"WERKSTATT GOTTESDIENST"},"content":{"rendered":"<p align=\"CENTER\"><span style=\"font-size: medium\"><span style=\"font-family: Calibri,serif\">AN ALLE MIT-DENKER UND MIT-BETER, DENEN DAS WOHL UNSERER KIRCHGEMEINDEN AM HERZEN LIEGT<\/span><\/span><\/p>\n<p align=\"CENTER\"><!--more--><\/p>\n<p align=\"CENTER\"><span style=\"font-size: medium\"><span style=\"font-family: Calibri,serif\"><b>GEMEINDE LEBT IM GOTTESDIENST.<\/b><\/span><\/span><\/p>\n<p align=\"CENTER\"><span style=\"font-size: medium\"><span style=\"font-family: Calibri,serif\"><b>Ist das so?<\/b><\/span><\/span><\/p>\n<p align=\"CENTER\"><span style=\"font-size: medium\"><span style=\"font-family: Calibri,serif\"><b>Sonntag, den <\/b><\/span><span style=\"font-family: Calibri,serif\"><b>22. september<\/b><\/span><span style=\"font-family: Calibri,serif\"><b>2013, 10.00 Uhr<\/b><\/span><\/span><\/p>\n<p align=\"CENTER\"><span style=\"font-size: medium\"><span style=\"font-family: Calibri,serif\">Unsere drei Schwesterkirchgemeinden feiern einen <\/span><\/span><\/p>\n<p align=\"CENTER\"><span style=\"font-size: medium\"><span style=\"font-family: Calibri,serif\">Gottesdienst in offenerer Form als sonst \u00fcblich.<\/span><\/span><\/p>\n<p align=\"CENTER\"><span style=\"font-size: medium\"><span style=\"font-family: Calibri,serif\"><b>Marienkirche Stangengr\u00fcn <\/b><\/span><\/span><\/p>\n<p align=\"CENTER\"><span style=\"font-size: medium\"><span style=\"font-family: Calibri,serif\"><b>Alle sind herzlich eingeladen!<\/b><\/span><\/span><\/p>\n<p align=\"CENTER\"><span style=\"font-size: medium\"><span style=\"font-family: Calibri,serif\">Zur Vorbereitung und als Auftakt f\u00fcr einen m\u00f6glichen weiterf\u00fchrenden Gespr\u00e4chskreis \u00fcber unsere Gottesdienste wird dazu angeboten: <\/span><\/span><\/p>\n<p align=\"CENTER\"><span style=\"font-size: medium\"><span style=\"font-family: Calibri,serif\"><b>WERKSTATT GOTTESDIENST<\/b><\/span><\/span><\/p>\n<p align=\"CENTER\"><span style=\"font-size: medium\"><span style=\"font-family: Calibri,serif\"><b>Freitag, den 20. september 2013, 20.00 Uhr <\/b><\/span><\/span><\/p>\n<p align=\"CENTER\"><span style=\"font-size: medium\"><span style=\"font-family: Calibri,serif\">Pfarrhaus Stangengr\u00fcn<\/span><\/span><\/p>\n","protected":false},"excerpt":{"rendered":"<p>AN ALLE MIT-DENKER UND MIT-BETER, DENEN DAS WOHL UNSERER KIRCHGEMEINDEN AM HERZEN LIEGT<\/p>\n","protected":false},"author":217,"featured_media":0,"comment_status":"open","ping_status":"open","sticky":false,"template":"","format":"standard","meta":{"ngg_post_thumbnail":0,"footnotes":""},"categories":[161],"tags":[],"class_list":["post-2616","post","type-post","status-publish","format-standard","hentry","category-gemeinsam"],"_links":{"self":[{"href":"https:\/\/www.kirche-obercrinitz.de\/wordpress\/wp-json\/wp\/v2\/posts\/2616"}],"collection":[{"href":"https:\/\/www.kirche-obercrinitz.de\/wordpress\/wp-json\/wp\/v2\/posts"}],"about":[{"href":"https:\/\/www.kirche-obercrinitz.de\/wordpress\/wp-json\/wp\/v2\/types\/post"}],"author":[{"embeddable":true,"href":"https:\/\/www.kirche-obercrinitz.de\/wordpress\/wp-json\/wp\/v2\/users\/217"}],"replies":[{"embeddable":true,"href":"https:\/\/www.kirche-obercrinitz.de\/wordpress\/wp-json\/wp\/v2\/comments?post=2616"}],"version-history":[{"count":10,"href":"https:\/\/www.kirche-obercrinitz.de\/wordpress\/wp-json\/wp\/v2\/posts\/2616\/revisions"}],"predecessor-version":[{"id":3848,"href":"https:\/\/www.kirche-obercrinitz.de\/wordpress\/wp-json\/wp\/v2\/posts\/2616\/revisions\/3848"}],"wp:attachment":[{"href":"https:\/\/www.kirche-obercrinitz.de\/wordpress\/wp-json\/wp\/v2\/media?parent=2616"}],"wp:term":[{"taxonomy":"category","embeddable":true,"href":"https:\/\/www.kirche-obercrinitz.de\/wordpress\/wp-json\/wp\/v2\/categories?post=2616"},{"taxonomy":"post_tag","embeddable":true,"href":"https:\/\/www.kirche-obercrinitz.de\/wordpress\/wp-json\/wp\/v2\/tags?post=2616"}],"curies":[{"name":"wp","href":"https:\/\/api.w.org\/{rel}","templated":true}]}}