{"id":2583,"date":"2013-08-28T11:19:20","date_gmt":"2013-08-28T09:19:20","guid":{"rendered":"http:\/\/www.kirche-obercrinitz.de\/wordpress\/?p=2583"},"modified":"2023-01-02T09:34:18","modified_gmt":"2023-01-02T08:34:18","slug":"herzliche-einladung","status":"publish","type":"post","link":"https:\/\/www.kirche-obercrinitz.de\/wordpress\/2013\/08\/herzliche-einladung\/","title":{"rendered":"Herzliche Einladung :) &#8230;"},"content":{"rendered":"<p><a href=\"https:\/\/www.kirche-obercrinitz.de\/wordpress\/wp-content\/uploads\/2013\/08\/plakat2013.jpg\"><img loading=\"lazy\" decoding=\"async\" class=\"alignleft  wp-image-2584\" alt=\"Gemeindefest 2013\" src=\"https:\/\/www.kirche-obercrinitz.de\/wordpress\/wp-content\/uploads\/2013\/08\/plakat2013.jpg\" width=\"252\" height=\"356\" srcset=\"https:\/\/www.kirche-obercrinitz.de\/wordpress\/wp-content\/uploads\/2013\/08\/plakat2013.jpg 600w, https:\/\/www.kirche-obercrinitz.de\/wordpress\/wp-content\/uploads\/2013\/08\/plakat2013-212x300.jpg 212w\" sizes=\"(max-width: 252px) 100vw, 252px\" \/><\/a>&#8230; zum diesj\u00e4hrigen Gemeindefest am kommenden Sonntag, dem 01.09.2013!<\/p>\n<p>&nbsp;<\/p>\n<p>Seid dabei, wenn wir gemeinsam auf dem Pfarrhof in Obercrinitz Gottesdienst feiern!<br \/>\nDirekt im Anschluss k\u00f6nnt Ihr viele Leckereien genie\u00dfen, euch kreativ bet\u00e4tigen oder bei witzigen Spielen f\u00fcr Gro\u00df und Klein zeigen, was in Euch steckt.<\/p>\n<p>&nbsp;<\/p>\n<p>Wir freuen uns auf Euch!<\/p>\n<p>Euer Vorbereitungsteam<\/p>\n","protected":false},"excerpt":{"rendered":"<p>&#8230; zum diesj\u00e4hrigen Gemeindefest am kommenden Sonntag, dem 01.09.2013! &nbsp; Seid dabei, wenn wir gemeinsam auf dem Pfarrhof in Obercrinitz Gottesdienst feiern! Direkt im Anschluss k\u00f6nnt Ihr viele Leckereien genie\u00dfen, euch kreativ bet\u00e4tigen oder&#46;&#46;&#46;<\/p>\n","protected":false},"author":217,"featured_media":0,"comment_status":"open","ping_status":"open","sticky":false,"template":"","format":"standard","meta":{"ngg_post_thumbnail":0,"footnotes":""},"categories":[161],"tags":[],"class_list":["post-2583","post","type-post","status-publish","format-standard","hentry","category-gemeinsam"],"_links":{"self":[{"href":"https:\/\/www.kirche-obercrinitz.de\/wordpress\/wp-json\/wp\/v2\/posts\/2583"}],"collection":[{"href":"https:\/\/www.kirche-obercrinitz.de\/wordpress\/wp-json\/wp\/v2\/posts"}],"about":[{"href":"https:\/\/www.kirche-obercrinitz.de\/wordpress\/wp-json\/wp\/v2\/types\/post"}],"author":[{"embeddable":true,"href":"https:\/\/www.kirche-obercrinitz.de\/wordpress\/wp-json\/wp\/v2\/users\/217"}],"replies":[{"embeddable":true,"href":"https:\/\/www.kirche-obercrinitz.de\/wordpress\/wp-json\/wp\/v2\/comments?post=2583"}],"version-history":[{"count":13,"href":"https:\/\/www.kirche-obercrinitz.de\/wordpress\/wp-json\/wp\/v2\/posts\/2583\/revisions"}],"predecessor-version":[{"id":3850,"href":"https:\/\/www.kirche-obercrinitz.de\/wordpress\/wp-json\/wp\/v2\/posts\/2583\/revisions\/3850"}],"wp:attachment":[{"href":"https:\/\/www.kirche-obercrinitz.de\/wordpress\/wp-json\/wp\/v2\/media?parent=2583"}],"wp:term":[{"taxonomy":"category","embeddable":true,"href":"https:\/\/www.kirche-obercrinitz.de\/wordpress\/wp-json\/wp\/v2\/categories?post=2583"},{"taxonomy":"post_tag","embeddable":true,"href":"https:\/\/www.kirche-obercrinitz.de\/wordpress\/wp-json\/wp\/v2\/tags?post=2583"}],"curies":[{"name":"wp","href":"https:\/\/api.w.org\/{rel}","templated":true}]}}