{"id":233,"date":"2009-11-29T23:01:42","date_gmt":"2009-11-29T21:01:42","guid":{"rendered":"http:\/\/www.kirche-obercrinitz.de\/wordpress\/?p=233"},"modified":"2020-11-24T19:31:34","modified_gmt":"2020-11-24T18:31:34","slug":"redaktion-allianzarbeit-glaube","status":"publish","type":"post","link":"https:\/\/www.kirche-obercrinitz.de\/wordpress\/2009\/11\/redaktion-allianzarbeit-glaube\/","title":{"rendered":"Redaktion: Allianzarbeit, Glaube"},"content":{"rendered":"<p>Mein Name ist Ruben Bauer.&nbsp; Ich bin im Redaktionsteam verantwortlich f\u00fcr die Bereiche Allianz und Glaube.<!--more--><\/p>\n<p>Dazu werde ich versuchen, verschiedene Autoren zu gewinnen,&nbsp;sich hier auf unserer Internetseite mit einem Glaubensthema auseinanderzusetzen. Vielleicht gelingt es uns ja auch, \u00fcber die M\u00f6glichkeiten dieses Mediums, wie Kommentare, Abstimmungen oder \u00c4hnliches, Diskussionen zu f\u00fchren&nbsp;oder Gedanken zu entwickeln, f\u00fcr die es in der &#8220;offline&#8221;-Welt keine Zeit oder kein geeignete Plattform gibt.<\/p>\n<p>Ich bin gespannt. Bis bald. Euer Ruben Bauer<\/p>\n","protected":false},"excerpt":{"rendered":"<p>Mein Name ist Ruben Bauer.&nbsp; Ich bin im Redaktionsteam verantwortlich f\u00fcr die Bereiche Allianz und Glaube.<\/p>\n","protected":false},"author":8,"featured_media":0,"comment_status":"open","ping_status":"open","sticky":false,"template":"","format":"standard","meta":{"ngg_post_thumbnail":0,"footnotes":""},"categories":[21],"tags":[],"class_list":["post-233","post","type-post","status-publish","format-standard","hentry","category-allianz"],"_links":{"self":[{"href":"https:\/\/www.kirche-obercrinitz.de\/wordpress\/wp-json\/wp\/v2\/posts\/233"}],"collection":[{"href":"https:\/\/www.kirche-obercrinitz.de\/wordpress\/wp-json\/wp\/v2\/posts"}],"about":[{"href":"https:\/\/www.kirche-obercrinitz.de\/wordpress\/wp-json\/wp\/v2\/types\/post"}],"author":[{"embeddable":true,"href":"https:\/\/www.kirche-obercrinitz.de\/wordpress\/wp-json\/wp\/v2\/users\/8"}],"replies":[{"embeddable":true,"href":"https:\/\/www.kirche-obercrinitz.de\/wordpress\/wp-json\/wp\/v2\/comments?post=233"}],"version-history":[{"count":7,"href":"https:\/\/www.kirche-obercrinitz.de\/wordpress\/wp-json\/wp\/v2\/posts\/233\/revisions"}],"predecessor-version":[{"id":12610,"href":"https:\/\/www.kirche-obercrinitz.de\/wordpress\/wp-json\/wp\/v2\/posts\/233\/revisions\/12610"}],"wp:attachment":[{"href":"https:\/\/www.kirche-obercrinitz.de\/wordpress\/wp-json\/wp\/v2\/media?parent=233"}],"wp:term":[{"taxonomy":"category","embeddable":true,"href":"https:\/\/www.kirche-obercrinitz.de\/wordpress\/wp-json\/wp\/v2\/categories?post=233"},{"taxonomy":"post_tag","embeddable":true,"href":"https:\/\/www.kirche-obercrinitz.de\/wordpress\/wp-json\/wp\/v2\/tags?post=233"}],"curies":[{"name":"wp","href":"https:\/\/api.w.org\/{rel}","templated":true}]}}