{"id":2134,"date":"2012-10-09T20:18:33","date_gmt":"2012-10-09T18:18:33","guid":{"rendered":"http:\/\/www.kirche-obercrinitz.de\/wordpress\/?p=2134"},"modified":"2023-01-02T08:58:56","modified_gmt":"2023-01-02T07:58:56","slug":"mittendrin","status":"publish","type":"post","link":"https:\/\/www.kirche-obercrinitz.de\/wordpress\/2012\/10\/mittendrin\/","title":{"rendered":"mittendrin?"},"content":{"rendered":"<p><em>mittendrin<\/em>Gottesdienst hei\u00dft unsere Gottesdienstreihe, in der modernere Formen des Gottesdienstes ausprobiert und gefeiert werden.<br \/>\n<em>mittendrin<\/em>Gottesdienst hei\u00dft f\u00fcr uns: moderne Lieder, lebendige Verk\u00fcndigung und kreative Gottesdienstgestaltung, z.B. durch Anspiele.<br \/>\n<em>mittendrin<\/em>Gottesdienst hei\u00dft auch ein enges Miteinander der Gemeindemitglieder bei der Ausgestaltung, da der Gottesdienst ohne unseren Pfarrer auskommen muss.<\/p>\n<p>Doch wof\u00fcr steht <em>mittendrin<\/em> im biblischen Sinne? Gibt es dieses Wort in der Bibel und wenn ja, in welchem Zusammenhang wird es gebraucht? Was hat das ganz praktisch mit meinem Leben zu tun?<\/p>\n<p>Antworten zum n\u00e4chsten <em>mittendrin<\/em>Gottesdienst <span class=\"nolink\">am 14.10.12<\/span> um 09.30 Uhr in unserer Johanniskirche: Herzliche Einladung!<\/p>\n","protected":false},"excerpt":{"rendered":"<p>mittendrinGottesdienst hei\u00dft unsere Gottesdienstreihe, in der modernere Formen des Gottesdienstes ausprobiert und gefeiert werden. mittendrinGottesdienst hei\u00dft f\u00fcr uns: moderne Lieder, lebendige Verk\u00fcndigung und kreative Gottesdienstgestaltung, z.B. durch Anspiele. mittendrinGottesdienst hei\u00dft auch ein enges Miteinander&#46;&#46;&#46;<\/p>\n","protected":false},"author":2,"featured_media":0,"comment_status":"open","ping_status":"open","sticky":false,"template":"","format":"standard","meta":{"ngg_post_thumbnail":0,"footnotes":""},"categories":[158],"tags":[],"class_list":["post-2134","post","type-post","status-publish","format-standard","hentry","category-obercrinitz"],"_links":{"self":[{"href":"https:\/\/www.kirche-obercrinitz.de\/wordpress\/wp-json\/wp\/v2\/posts\/2134"}],"collection":[{"href":"https:\/\/www.kirche-obercrinitz.de\/wordpress\/wp-json\/wp\/v2\/posts"}],"about":[{"href":"https:\/\/www.kirche-obercrinitz.de\/wordpress\/wp-json\/wp\/v2\/types\/post"}],"author":[{"embeddable":true,"href":"https:\/\/www.kirche-obercrinitz.de\/wordpress\/wp-json\/wp\/v2\/users\/2"}],"replies":[{"embeddable":true,"href":"https:\/\/www.kirche-obercrinitz.de\/wordpress\/wp-json\/wp\/v2\/comments?post=2134"}],"version-history":[{"count":3,"href":"https:\/\/www.kirche-obercrinitz.de\/wordpress\/wp-json\/wp\/v2\/posts\/2134\/revisions"}],"predecessor-version":[{"id":3881,"href":"https:\/\/www.kirche-obercrinitz.de\/wordpress\/wp-json\/wp\/v2\/posts\/2134\/revisions\/3881"}],"wp:attachment":[{"href":"https:\/\/www.kirche-obercrinitz.de\/wordpress\/wp-json\/wp\/v2\/media?parent=2134"}],"wp:term":[{"taxonomy":"category","embeddable":true,"href":"https:\/\/www.kirche-obercrinitz.de\/wordpress\/wp-json\/wp\/v2\/categories?post=2134"},{"taxonomy":"post_tag","embeddable":true,"href":"https:\/\/www.kirche-obercrinitz.de\/wordpress\/wp-json\/wp\/v2\/tags?post=2134"}],"curies":[{"name":"wp","href":"https:\/\/api.w.org\/{rel}","templated":true}]}}