{"id":2064,"date":"2012-09-06T10:45:00","date_gmt":"2012-09-06T08:45:00","guid":{"rendered":"http:\/\/www.kirche-obercrinitz.de\/wordpress\/?p=2064"},"modified":"2023-01-02T10:46:31","modified_gmt":"2023-01-02T09:46:31","slug":"nun-beginnt-der-ernst-des-lebens","status":"publish","type":"post","link":"https:\/\/www.kirche-obercrinitz.de\/wordpress\/2012\/09\/nun-beginnt-der-ernst-des-lebens\/","title":{"rendered":"Nun beginnt der Ernst des Lebens!"},"content":{"rendered":"<p>\u00a0Das konnten sich unsere Schulanf\u00e4nger in den letzten Wochen wohl des \u00d6fteren anh\u00f6ren.<\/p>\n<p><!--more--><\/p>\n<p>\u00a0Und selbst im Schulanfangsgottesdienst stand es vorne gro\u00df auf der Leinwand \u201eDer Ernst des Lebens?\u201c. Doch kein Ausrufezeichen, sondern ein Fragezeichen stand dahinter. Das machte neugierig.<\/p>\n<p>Wir h\u00f6rten von einem M\u00e4dchen, dass jeden Morgen mit seiner Familie einen Psalm betete. Am liebsten mochte es den Vers aus <a href=\"http:\/\/www.bibleserver.com\/text\/HFA\/Psalm95\" class=\"bibleserver extern\" target=\"_blank\" rel=\"noopener\">Psalm 95<\/a>, wo es hei\u00dft \u201eFreut euch!\u201c. Das begleitete sie den ganzen Tag. Als sie kurz vor ihrem Schulanfang stand, wurde ihr immer mal wieder mit ernster Miene gesagt \u201eNun beginnt der Ernst des Lebens!\u201c. Und sie fragte sich, was oder wer denn der Ernst des Lebens sei. Ein bisschen unwohl und bange war ihr schon. Sie machte sich so ihre Gedanken und Sorgen. Und als es soweit war: sie das erste Mal im Unterricht sa\u00df, lernte sie tats\u00e4chlich den Ernst ihres Lebens kennen: Ernst, ihren Banknachbarn. Da war sie erleichtert, denn Ernst war ein \u00e4u\u00dferst freundlicher Zeitgenosse. Der Ernst des Lebens war ihr zu einer gro\u00dfen Freude geworden. Und sie erinnerte sich wieder an ihren Lieblingspsalm \u201eFreut euch!\u201c.<\/p>\n<p>\u00a0Und so konnten nicht nur die Schulanf\u00e4nger, sondern auch alle Familienmitglieder, Freunde und die ganze Gemeinde eine wertvolle Botschaft mit nach Hause nehmen:<\/p>\n<p>Wir k\u00f6nnen gewiss sein, dass Gott mit uns ist und uns liebt. Er schenkt uns allen Grund zu Freude! Wenn wir uns in Seine Hand begeben, Ihm unsere Sorgen und \u00c4ngste anvertrauen, dann k\u00f6nnen wir getrost sein, dass Gott sich darum k\u00fcmmert und sogar unsere Sorgen-Seifenblasen platzen lassen kann!<\/p>\n<p>In diesem Sinne w\u00fcnsche ich allen Schulanf\u00e4ngern und allen Familien einen gesegneten Start ins neue Schuljahr! Lasst die \u201eFreude am Herrn eure St\u00e4rke sein!\u201c (<a href=\"http:\/\/www.bibleserver.com\/text\/HFA\/Nehemia8%2C10\" class=\"bibleserver extern\" target=\"_blank\" rel=\"noopener\">Neh. 8,10<\/a>)!<\/p>\n<p>\u00a0Eure Anne<\/p>\n","protected":false},"excerpt":{"rendered":"<p>\u00a0Das konnten sich unsere Schulanf\u00e4nger in den letzten Wochen wohl des \u00d6fteren anh\u00f6ren.<\/p>\n","protected":false},"author":217,"featured_media":0,"comment_status":"open","ping_status":"open","sticky":false,"template":"","format":"standard","meta":{"ngg_post_thumbnail":0,"footnotes":""},"categories":[161,1],"tags":[],"class_list":["post-2064","post","type-post","status-publish","format-standard","hentry","category-gemeinsam","category-glaube"],"_links":{"self":[{"href":"https:\/\/www.kirche-obercrinitz.de\/wordpress\/wp-json\/wp\/v2\/posts\/2064"}],"collection":[{"href":"https:\/\/www.kirche-obercrinitz.de\/wordpress\/wp-json\/wp\/v2\/posts"}],"about":[{"href":"https:\/\/www.kirche-obercrinitz.de\/wordpress\/wp-json\/wp\/v2\/types\/post"}],"author":[{"embeddable":true,"href":"https:\/\/www.kirche-obercrinitz.de\/wordpress\/wp-json\/wp\/v2\/users\/217"}],"replies":[{"embeddable":true,"href":"https:\/\/www.kirche-obercrinitz.de\/wordpress\/wp-json\/wp\/v2\/comments?post=2064"}],"version-history":[{"count":5,"href":"https:\/\/www.kirche-obercrinitz.de\/wordpress\/wp-json\/wp\/v2\/posts\/2064\/revisions"}],"predecessor-version":[{"id":14174,"href":"https:\/\/www.kirche-obercrinitz.de\/wordpress\/wp-json\/wp\/v2\/posts\/2064\/revisions\/14174"}],"wp:attachment":[{"href":"https:\/\/www.kirche-obercrinitz.de\/wordpress\/wp-json\/wp\/v2\/media?parent=2064"}],"wp:term":[{"taxonomy":"category","embeddable":true,"href":"https:\/\/www.kirche-obercrinitz.de\/wordpress\/wp-json\/wp\/v2\/categories?post=2064"},{"taxonomy":"post_tag","embeddable":true,"href":"https:\/\/www.kirche-obercrinitz.de\/wordpress\/wp-json\/wp\/v2\/tags?post=2064"}],"curies":[{"name":"wp","href":"https:\/\/api.w.org\/{rel}","templated":true}]}}