{"id":1783,"date":"2012-02-28T20:50:48","date_gmt":"2012-02-28T19:50:48","guid":{"rendered":"http:\/\/www.kirche-obercrinitz.de\/wordpress\/?p=1783"},"modified":"2023-01-02T09:38:00","modified_gmt":"2023-01-02T08:38:00","slug":"das-waren-die-kinderbibeltage-2012","status":"publish","type":"post","link":"https:\/\/www.kirche-obercrinitz.de\/wordpress\/2012\/02\/das-waren-die-kinderbibeltage-2012\/","title":{"rendered":"Das waren die Kinderbibeltage 2012"},"content":{"rendered":"<p><a href=\"https:\/\/www.kirche-obercrinitz.de\/wordpress\/wp-content\/gallery\/kinderbibeltage-2012\/dscf0729.jpg\"><img loading=\"lazy\" decoding=\"async\" class=\"ngg-singlepic ngg-none alignleft\" src=\"https:\/\/www.kirche-obercrinitz.de\/wordpress\/wp-content\/gallery\/kinderbibeltage-2012\/dscf0729.jpg\" alt=\"dscf0729\" width=\"269\" height=\"202\" \/><\/a>&#8230;einige Eindr\u00fccke von den Kinderbibeltagen vom 22. bis 24.02.2012.<\/p>\n<p>Vielen Dank nochmals an alle, die es m\u00f6glich gemacht haben: D\u00f6rte und das gro\u00dfe Team.<!--more--><\/p>\nngg_shortcode_0_placeholder\n","protected":false},"excerpt":{"rendered":"<p>&#8230;einige Eindr\u00fccke von den Kinderbibeltagen vom 22. bis 24.02.2012. Vielen Dank nochmals an alle, die es m\u00f6glich gemacht haben: D\u00f6rte und das gro\u00dfe Team.<\/p>\n","protected":false},"author":8,"featured_media":0,"comment_status":"open","ping_status":"open","sticky":false,"template":"","format":"standard","meta":{"ngg_post_thumbnail":0,"footnotes":""},"categories":[21,161],"tags":[],"class_list":["post-1783","post","type-post","status-publish","format-standard","hentry","category-allianz","category-gemeinsam"],"_links":{"self":[{"href":"https:\/\/www.kirche-obercrinitz.de\/wordpress\/wp-json\/wp\/v2\/posts\/1783"}],"collection":[{"href":"https:\/\/www.kirche-obercrinitz.de\/wordpress\/wp-json\/wp\/v2\/posts"}],"about":[{"href":"https:\/\/www.kirche-obercrinitz.de\/wordpress\/wp-json\/wp\/v2\/types\/post"}],"author":[{"embeddable":true,"href":"https:\/\/www.kirche-obercrinitz.de\/wordpress\/wp-json\/wp\/v2\/users\/8"}],"replies":[{"embeddable":true,"href":"https:\/\/www.kirche-obercrinitz.de\/wordpress\/wp-json\/wp\/v2\/comments?post=1783"}],"version-history":[{"count":6,"href":"https:\/\/www.kirche-obercrinitz.de\/wordpress\/wp-json\/wp\/v2\/posts\/1783\/revisions"}],"predecessor-version":[{"id":3871,"href":"https:\/\/www.kirche-obercrinitz.de\/wordpress\/wp-json\/wp\/v2\/posts\/1783\/revisions\/3871"}],"wp:attachment":[{"href":"https:\/\/www.kirche-obercrinitz.de\/wordpress\/wp-json\/wp\/v2\/media?parent=1783"}],"wp:term":[{"taxonomy":"category","embeddable":true,"href":"https:\/\/www.kirche-obercrinitz.de\/wordpress\/wp-json\/wp\/v2\/categories?post=1783"},{"taxonomy":"post_tag","embeddable":true,"href":"https:\/\/www.kirche-obercrinitz.de\/wordpress\/wp-json\/wp\/v2\/tags?post=1783"}],"curies":[{"name":"wp","href":"https:\/\/api.w.org\/{rel}","templated":true}]}}