{"id":15734,"date":"2025-10-28T20:02:39","date_gmt":"2025-10-28T19:02:39","guid":{"rendered":"https:\/\/www.kirche-obercrinitz.de\/wordpress\/?p=15734"},"modified":"2025-11-13T13:37:55","modified_gmt":"2025-11-13T12:37:55","slug":"gemeinnuetziger-freiraum-kirchplatz-stangengruen","status":"publish","type":"post","link":"https:\/\/www.kirche-obercrinitz.de\/wordpress\/2025\/10\/gemeinnuetziger-freiraum-kirchplatz-stangengruen\/","title":{"rendered":"Gemeinn\u00fctziger Freiraum \u201eKirchplatz Stangengr\u00fcn\u201c"},"content":{"rendered":"\n<p>Die Kirchgemeinde Obercrinitz-Stangengr\u00fcn-Wildenau hat 2025 eine Sitzecke innerhalb der Umfassungsmauer im Kirchhof Stangengr\u00fcn errichtet. Dabei wurde eine Pflasterfl\u00e4che und eine Sitzecke mit 3 B\u00e4nken und einem Tisch angelegt. Zu dieser Fl\u00e4che hin erfolgte eine Wegeanbindung mit Schotterrasen.<\/p>\n\n\n\n<p>Die Sitzecke wurde mit einer Maltafel erg\u00e4nzt und seitlich davon erfolgte die Anordnung der 3 historischen Altglocken aus dem ausgetauschten Gel\u00e4ut der Marienkirche. Die Glocken wurden so aufgestellt, dass sie durch Anschlagen zum Klingen gebracht werden k\u00f6nnen.<\/p>\n\n\n\n<p>Neben die Eingangst\u00fcr der Kirche ist ebenso eine Sitzgelegenheit errichtet worden.<\/p>\n\n\n\n<p>Die Fl\u00e4che soll Begegnungsplatz der Generationen sein zum Ruhen, Entspannen, den Kindern Besch\u00e4ftigung bieten und Interesse wecken f\u00fcr die Kirchengeschichte.<\/p>\n\n\n\n<figure class=\"wp-block-image size-large\"><a href=\"https:\/\/www.kirche-obercrinitz.de\/wordpress\/wp-content\/uploads\/2025\/10\/IMG_20251025_115043-scaled.jpg\"><img loading=\"lazy\" decoding=\"async\" width=\"1024\" height=\"575\" src=\"https:\/\/www.kirche-obercrinitz.de\/wordpress\/wp-content\/uploads\/2025\/10\/IMG_20251025_115043-1024x575.jpg\" alt=\"\" class=\"wp-image-15735\" srcset=\"https:\/\/www.kirche-obercrinitz.de\/wordpress\/wp-content\/uploads\/2025\/10\/IMG_20251025_115043-1024x575.jpg 1024w, https:\/\/www.kirche-obercrinitz.de\/wordpress\/wp-content\/uploads\/2025\/10\/IMG_20251025_115043-300x169.jpg 300w, https:\/\/www.kirche-obercrinitz.de\/wordpress\/wp-content\/uploads\/2025\/10\/IMG_20251025_115043-768x432.jpg 768w, https:\/\/www.kirche-obercrinitz.de\/wordpress\/wp-content\/uploads\/2025\/10\/IMG_20251025_115043-1536x863.jpg 1536w, https:\/\/www.kirche-obercrinitz.de\/wordpress\/wp-content\/uploads\/2025\/10\/IMG_20251025_115043-2048x1151.jpg 2048w\" sizes=\"(max-width: 1024px) 100vw, 1024px\" \/><\/a><\/figure>\n\n\n\n<figure class=\"wp-block-image size-large\"><a href=\"https:\/\/www.kirche-obercrinitz.de\/wordpress\/wp-content\/uploads\/2025\/10\/IMG_20251025_115055-scaled.jpg\"><img loading=\"lazy\" decoding=\"async\" width=\"1024\" height=\"575\" src=\"https:\/\/www.kirche-obercrinitz.de\/wordpress\/wp-content\/uploads\/2025\/10\/IMG_20251025_115055-1024x575.jpg\" alt=\"\" class=\"wp-image-15736\" srcset=\"https:\/\/www.kirche-obercrinitz.de\/wordpress\/wp-content\/uploads\/2025\/10\/IMG_20251025_115055-1024x575.jpg 1024w, https:\/\/www.kirche-obercrinitz.de\/wordpress\/wp-content\/uploads\/2025\/10\/IMG_20251025_115055-300x169.jpg 300w, https:\/\/www.kirche-obercrinitz.de\/wordpress\/wp-content\/uploads\/2025\/10\/IMG_20251025_115055-768x432.jpg 768w, https:\/\/www.kirche-obercrinitz.de\/wordpress\/wp-content\/uploads\/2025\/10\/IMG_20251025_115055-1536x863.jpg 1536w, https:\/\/www.kirche-obercrinitz.de\/wordpress\/wp-content\/uploads\/2025\/10\/IMG_20251025_115055-2048x1151.jpg 2048w\" sizes=\"(max-width: 1024px) 100vw, 1024px\" \/><\/a><\/figure>\n\n\n\n<figure class=\"wp-block-image size-large\"><a href=\"https:\/\/www.kirche-obercrinitz.de\/wordpress\/wp-content\/uploads\/2025\/10\/1000112166-scaled.jpg\"><img loading=\"lazy\" decoding=\"async\" width=\"1024\" height=\"215\" src=\"https:\/\/www.kirche-obercrinitz.de\/wordpress\/wp-content\/uploads\/2025\/10\/1000112166-1024x215.jpg\" alt=\"\" class=\"wp-image-15764\" srcset=\"https:\/\/www.kirche-obercrinitz.de\/wordpress\/wp-content\/uploads\/2025\/10\/1000112166-1024x215.jpg 1024w, https:\/\/www.kirche-obercrinitz.de\/wordpress\/wp-content\/uploads\/2025\/10\/1000112166-300x63.jpg 300w, https:\/\/www.kirche-obercrinitz.de\/wordpress\/wp-content\/uploads\/2025\/10\/1000112166-768x161.jpg 768w, https:\/\/www.kirche-obercrinitz.de\/wordpress\/wp-content\/uploads\/2025\/10\/1000112166-1536x322.jpg 1536w, https:\/\/www.kirche-obercrinitz.de\/wordpress\/wp-content\/uploads\/2025\/10\/1000112166-2048x430.jpg 2048w\" sizes=\"(max-width: 1024px) 100vw, 1024px\" \/><\/a><\/figure>\n","protected":false},"excerpt":{"rendered":"<p>Die Kirchgemeinde Obercrinitz-Stangengr\u00fcn-Wildenau hat 2025 eine Sitzecke innerhalb der Umfassungsmauer im Kirchhof Stangengr\u00fcn errichtet. Dabei wurde eine Pflasterfl\u00e4che und eine Sitzecke mit 3 B\u00e4nken und einem Tisch angelegt. Zu dieser Fl\u00e4che hin erfolgte eine&#46;&#46;&#46;<\/p>\n","protected":false},"author":237,"featured_media":15736,"comment_status":"open","ping_status":"open","sticky":false,"template":"","format":"standard","meta":{"ngg_post_thumbnail":0,"footnotes":""},"categories":[160],"tags":[],"class_list":["post-15734","post","type-post","status-publish","format-standard","has-post-thumbnail","hentry","category-stangengruen"],"_links":{"self":[{"href":"https:\/\/www.kirche-obercrinitz.de\/wordpress\/wp-json\/wp\/v2\/posts\/15734"}],"collection":[{"href":"https:\/\/www.kirche-obercrinitz.de\/wordpress\/wp-json\/wp\/v2\/posts"}],"about":[{"href":"https:\/\/www.kirche-obercrinitz.de\/wordpress\/wp-json\/wp\/v2\/types\/post"}],"author":[{"embeddable":true,"href":"https:\/\/www.kirche-obercrinitz.de\/wordpress\/wp-json\/wp\/v2\/users\/237"}],"replies":[{"embeddable":true,"href":"https:\/\/www.kirche-obercrinitz.de\/wordpress\/wp-json\/wp\/v2\/comments?post=15734"}],"version-history":[{"count":2,"href":"https:\/\/www.kirche-obercrinitz.de\/wordpress\/wp-json\/wp\/v2\/posts\/15734\/revisions"}],"predecessor-version":[{"id":15765,"href":"https:\/\/www.kirche-obercrinitz.de\/wordpress\/wp-json\/wp\/v2\/posts\/15734\/revisions\/15765"}],"wp:featuredmedia":[{"embeddable":true,"href":"https:\/\/www.kirche-obercrinitz.de\/wordpress\/wp-json\/wp\/v2\/media\/15736"}],"wp:attachment":[{"href":"https:\/\/www.kirche-obercrinitz.de\/wordpress\/wp-json\/wp\/v2\/media?parent=15734"}],"wp:term":[{"taxonomy":"category","embeddable":true,"href":"https:\/\/www.kirche-obercrinitz.de\/wordpress\/wp-json\/wp\/v2\/categories?post=15734"},{"taxonomy":"post_tag","embeddable":true,"href":"https:\/\/www.kirche-obercrinitz.de\/wordpress\/wp-json\/wp\/v2\/tags?post=15734"}],"curies":[{"name":"wp","href":"https:\/\/api.w.org\/{rel}","templated":true}]}}