{"id":155,"date":"2010-01-05T12:23:49","date_gmt":"2010-01-05T11:23:49","guid":{"rendered":"http:\/\/www.kirche-obercrinitz.de\/wordpress\/?p=155"},"modified":"2023-01-02T09:57:55","modified_gmt":"2023-01-02T08:57:55","slug":"der-kirchenchor-stellt-sich-vor-2","status":"publish","type":"post","link":"https:\/\/www.kirche-obercrinitz.de\/wordpress\/2010\/01\/der-kirchenchor-stellt-sich-vor-2\/","title":{"rendered":"Der Kirchenchor stellt sich vor"},"content":{"rendered":"<p><strong><img loading=\"lazy\" decoding=\"async\" class=\"ngg-singlepic ngg-left\" src=\"https:\/\/www.kirche-obercrinitz.de\/wordpress\/wp-content\/gallery\/chor\/schubert-messe-okt-2009-wd.jpg\" alt=\"schubert-messe-okt-2009-wd\" width=\"280\" height=\"180\" \/>\u201eGott loben, das ist unser Amt\u201c<\/strong>(EG 288,5) \u2013 Wir, die etwa 30 Chors\u00e4ngerinnen und \u2013S\u00e4nger des Kirchenchores Obercrinitz\/Wildenau mit unserem Kantor Wolfgang Koch haben viel Freude am Gesang und an der Gemeinschaft. <!--more-->Unsere Lieder sind unsere Gebete und die Melodien und Texte begleiten uns oftmals wie ein\u00a0 \u201eOhrwurm\u201c, der einem nicht aus dem Kopf geht.<\/p>\n<p><strong>\u201eJauchzet dem Herrn alle Welt! Dienet dem Herrn mit Freunden, kommt vor sein Angesicht mit Frohlocken! Erkenne, dass der Herr Gott ist!\u201c <\/strong>So jubelt der 100. Psalm \u2013 so jubeln die Gemeinden seit Davids Zeiten \u2013 so jubeln auch wir. Von Anbeginn unseres Bestehens haben wir nicht aufgeh\u00f6rt, die Botschaft von der Gnade Gottes, der Liebe Jesu Christi und der Gemeinschaft des Heiligen Geistes in die Welt hinaus zu singen. Doch Singen und Musizieren ist nicht nur wesentlich f\u00fcr die \u201eGottesdienste des Herrn\u201c, sondern vor allem eine Bereicherung f\u00fcr das Leben der Gemeinde und f\u00fcr jeden Einzelnen, der mittun oder seinen Dienst einfach nur genie\u00dfen darf.<\/p>\n<p><strong>\u201eSinget dem Herrn ein neues Lied\u201c<\/strong>(<a href=\"http:\/\/www.bibleserver.com\/text\/HFA\/Psalm96%2C1\" class=\"bibleserver extern\" target=\"_blank\" rel=\"noopener\">Psalm 96,1<\/a>)\u00a0 Heute gilt es, die geistliche Chormusik lebendig zu erhalten. Die demographische Entwicklung unserer Gesellschaft wirkt sich auch bei unserem Chor aus. Uns fehlt Nachwuchs. \u201eSingwillige\u201c Gemeindeglieder sind also herzlich eingeladen und willkommen. Chorprobe findet im Pfarrhaus Obercrinitz statt, mittwochs 19.30 Uhr. Einfach mal ausprobieren.<\/p>\nngg_shortcode_0_placeholder\n","protected":false},"excerpt":{"rendered":"<p>\u201eGott loben, das ist unser Amt\u201c(EG 288,5) \u2013 Wir, die etwa 30 Chors\u00e4ngerinnen und \u2013S\u00e4nger des Kirchenchores Obercrinitz\/Wildenau mit unserem Kantor Wolfgang Koch haben viel Freude am Gesang und an der Gemeinschaft.<\/p>\n","protected":false},"author":20,"featured_media":0,"comment_status":"open","ping_status":"open","sticky":false,"template":"","format":"standard","meta":{"ngg_post_thumbnail":0,"footnotes":""},"categories":[161],"tags":[],"class_list":["post-155","post","type-post","status-publish","format-standard","hentry","category-gemeinsam"],"_links":{"self":[{"href":"https:\/\/www.kirche-obercrinitz.de\/wordpress\/wp-json\/wp\/v2\/posts\/155"}],"collection":[{"href":"https:\/\/www.kirche-obercrinitz.de\/wordpress\/wp-json\/wp\/v2\/posts"}],"about":[{"href":"https:\/\/www.kirche-obercrinitz.de\/wordpress\/wp-json\/wp\/v2\/types\/post"}],"author":[{"embeddable":true,"href":"https:\/\/www.kirche-obercrinitz.de\/wordpress\/wp-json\/wp\/v2\/users\/20"}],"replies":[{"embeddable":true,"href":"https:\/\/www.kirche-obercrinitz.de\/wordpress\/wp-json\/wp\/v2\/comments?post=155"}],"version-history":[{"count":21,"href":"https:\/\/www.kirche-obercrinitz.de\/wordpress\/wp-json\/wp\/v2\/posts\/155\/revisions"}],"predecessor-version":[{"id":14150,"href":"https:\/\/www.kirche-obercrinitz.de\/wordpress\/wp-json\/wp\/v2\/posts\/155\/revisions\/14150"}],"wp:attachment":[{"href":"https:\/\/www.kirche-obercrinitz.de\/wordpress\/wp-json\/wp\/v2\/media?parent=155"}],"wp:term":[{"taxonomy":"category","embeddable":true,"href":"https:\/\/www.kirche-obercrinitz.de\/wordpress\/wp-json\/wp\/v2\/categories?post=155"},{"taxonomy":"post_tag","embeddable":true,"href":"https:\/\/www.kirche-obercrinitz.de\/wordpress\/wp-json\/wp\/v2\/tags?post=155"}],"curies":[{"name":"wp","href":"https:\/\/api.w.org\/{rel}","templated":true}]}}