{"id":15238,"date":"2024-08-13T11:57:15","date_gmt":"2024-08-13T09:57:15","guid":{"rendered":"https:\/\/www.kirche-obercrinitz.de\/wordpress\/?p=15238"},"modified":"2024-08-17T13:06:22","modified_gmt":"2024-08-17T11:06:22","slug":"herzliche-einladung-zum-gemeindefest-2024","status":"publish","type":"post","link":"https:\/\/www.kirche-obercrinitz.de\/wordpress\/2024\/08\/herzliche-einladung-zum-gemeindefest-2024\/","title":{"rendered":"Herzliche Einladung zum Gemeindefest 2024"},"content":{"rendered":"\n<p>Diesen Sonntag, den 18.08. ist es soweit: unter dem Motto &#8220;Gemeinsam Wurzeln schlagen&#8221; findet das diesj\u00e4hrige Gemeindefest in der Kirche in Obercrinitz statt. Die Predigt h\u00e4lt Julia Neubert.<\/p>\n\n\n\n<p>Im Anschluss an den Gottesdienst erwarten euch Spiel und Spa\u00df in der Turnhalle. F\u00fcr Spei\u00dfen und Getr\u00e4nke ist nat\u00fcrlich auch gesorgt. Also kommt zahlreich vorbei!<\/p>\n\n\n\n<figure class=\"wp-block-image size-full\"><a href=\"https:\/\/www.kirche-obercrinitz.de\/wordpress\/wp-content\/uploads\/2024\/08\/2024_Gemeindefest.jpg\"><img loading=\"lazy\" decoding=\"async\" width=\"641\" height=\"897\" src=\"https:\/\/www.kirche-obercrinitz.de\/wordpress\/wp-content\/uploads\/2024\/08\/2024_Gemeindefest.jpg\" alt=\"\" class=\"wp-image-15241\" srcset=\"https:\/\/www.kirche-obercrinitz.de\/wordpress\/wp-content\/uploads\/2024\/08\/2024_Gemeindefest.jpg 641w, https:\/\/www.kirche-obercrinitz.de\/wordpress\/wp-content\/uploads\/2024\/08\/2024_Gemeindefest-214x300.jpg 214w\" sizes=\"(max-width: 641px) 100vw, 641px\" \/><\/a><\/figure>\n","protected":false},"excerpt":{"rendered":"<p>Diesen Sonntag, den 18.08. ist es soweit: unter dem Motto &#8220;Gemeinsam Wurzeln schlagen&#8221; findet das diesj\u00e4hrige Gemeindefest in der Kirche in Obercrinitz statt. Die Predigt h\u00e4lt Julia Neubert. Im Anschluss an den Gottesdienst erwarten&#46;&#46;&#46;<\/p>\n","protected":false},"author":237,"featured_media":15242,"comment_status":"open","ping_status":"open","sticky":false,"template":"","format":"standard","meta":{"ngg_post_thumbnail":0,"footnotes":""},"categories":[161],"tags":[181],"class_list":["post-15238","post","type-post","status-publish","format-standard","has-post-thumbnail","hentry","category-gemeinsam","tag-gemeindefest"],"_links":{"self":[{"href":"https:\/\/www.kirche-obercrinitz.de\/wordpress\/wp-json\/wp\/v2\/posts\/15238"}],"collection":[{"href":"https:\/\/www.kirche-obercrinitz.de\/wordpress\/wp-json\/wp\/v2\/posts"}],"about":[{"href":"https:\/\/www.kirche-obercrinitz.de\/wordpress\/wp-json\/wp\/v2\/types\/post"}],"author":[{"embeddable":true,"href":"https:\/\/www.kirche-obercrinitz.de\/wordpress\/wp-json\/wp\/v2\/users\/237"}],"replies":[{"embeddable":true,"href":"https:\/\/www.kirche-obercrinitz.de\/wordpress\/wp-json\/wp\/v2\/comments?post=15238"}],"version-history":[{"count":4,"href":"https:\/\/www.kirche-obercrinitz.de\/wordpress\/wp-json\/wp\/v2\/posts\/15238\/revisions"}],"predecessor-version":[{"id":15248,"href":"https:\/\/www.kirche-obercrinitz.de\/wordpress\/wp-json\/wp\/v2\/posts\/15238\/revisions\/15248"}],"wp:featuredmedia":[{"embeddable":true,"href":"https:\/\/www.kirche-obercrinitz.de\/wordpress\/wp-json\/wp\/v2\/media\/15242"}],"wp:attachment":[{"href":"https:\/\/www.kirche-obercrinitz.de\/wordpress\/wp-json\/wp\/v2\/media?parent=15238"}],"wp:term":[{"taxonomy":"category","embeddable":true,"href":"https:\/\/www.kirche-obercrinitz.de\/wordpress\/wp-json\/wp\/v2\/categories?post=15238"},{"taxonomy":"post_tag","embeddable":true,"href":"https:\/\/www.kirche-obercrinitz.de\/wordpress\/wp-json\/wp\/v2\/tags?post=15238"}],"curies":[{"name":"wp","href":"https:\/\/api.w.org\/{rel}","templated":true}]}}