{"id":13320,"date":"2021-10-29T11:43:08","date_gmt":"2021-10-29T09:43:08","guid":{"rendered":"http:\/\/www.kirche-obercrinitz.de\/wordpress\/?p=13320"},"modified":"2023-01-02T10:30:54","modified_gmt":"2023-01-02T09:30:54","slug":"warum-laesst-gott-das-leid-zu","status":"publish","type":"post","link":"https:\/\/www.kirche-obercrinitz.de\/wordpress\/2021\/10\/warum-laesst-gott-das-leid-zu\/","title":{"rendered":"&#8220;Warum l\u00e4sst Gott das Leid zu?&#8221;"},"content":{"rendered":"\n<p>Ein Anruf, der alles ver\u00e4ndert. Mitten im Alltag. Schockstarre. Gro\u00dfer Schmerz. Diagnose Krebs. Tragischer Unfall. Der pl\u00f6tzliche Tod eines lieben Menschen. \u00dcberschwemmungen. Verhungernde Kinder. Zerst\u00f6rerische Kriege.<br><br>Es ist dunkel &#8211; und wir bleiben mit den Fragen zur\u00fcck &#8230;<br><br>Es ist eine der gr\u00f6\u00dften und schwierigsten Fragen: Warum l\u00e4sst Gott das Leid zu?<br><br>Warum l\u00e4sst er es zu, dass das Licht am Ende des Tunnels immer wieder kaputt geht. Kann er nicht helfen? Will er nicht? Was ist das f\u00fcr ein Gott?<br><br>Vor Corona hatten wir uns dieses Thema schon vorgenommen. Das mussten wir im M\u00e4rz 2020 verschieben. Corona hat vieles versch\u00e4rft. Dazu Flutkatastrophen, Klimakrise &#8230; Die Leidfrage bleibt Leitfrage!<br><br>Wir stellen uns diesen Fragen und laden herzlich zum <strong>OpenAccess <\/strong>ein: <strong>&#8220;Warum l\u00e4sst Gott das Leid zu?&#8221; &#8211; am 14.11.2021 um 17.17 Uhr in der Wildenauer Kirche.<\/strong><br><br>Der Offene Abend mit <strong>Live-Musik<\/strong>, Kreuzverh\u00f6r und Zeit, um Gott zu begegnen. F\u00fcr <strong>Kinderbetreuung <\/strong>ist gesorgt! Und auch die leibliche <strong>Verpflegung <\/strong>kommt nicht zu kurz. Ich freue mich, wenn Ihr am 14. November vorbei schaut (mit Maske). Ich lade Euch alle dazu herzlich ein! Am Besten gemeinsam mit Freunden und &#8230; Also: Bitte Weitersagen!<br><br>bis dahin, viele Gr\u00fc\u00dfe &#8211; im Namen des Vorbereitungsteams, Pfr. Jonas Gro\u00dfmann<\/p>\n\n\n\n<p><\/p>\n\n\n\n<figure class=\"wp-block-image size-full\"><a href=\"https:\/\/www.kirche-obercrinitz.de\/wordpress\/wp-content\/uploads\/2021\/10\/image.png\"><img loading=\"lazy\" decoding=\"async\" width=\"630\" height=\"883\" src=\"https:\/\/www.kirche-obercrinitz.de\/wordpress\/wp-content\/uploads\/2021\/10\/image.png\" alt=\"\" class=\"wp-image-13324\" srcset=\"https:\/\/www.kirche-obercrinitz.de\/wordpress\/wp-content\/uploads\/2021\/10\/image.png 630w, https:\/\/www.kirche-obercrinitz.de\/wordpress\/wp-content\/uploads\/2021\/10\/image-214x300.png 214w\" sizes=\"(max-width: 630px) 100vw, 630px\" \/><\/a><\/figure>\n","protected":false},"excerpt":{"rendered":"<p>Ein Anruf, der alles ver\u00e4ndert. Mitten im Alltag. Schockstarre. Gro\u00dfer Schmerz. Diagnose Krebs. Tragischer Unfall. Der pl\u00f6tzliche Tod eines lieben Menschen. \u00dcberschwemmungen. Verhungernde Kinder. Zerst\u00f6rerische Kriege. Es ist dunkel &#8211; und wir bleiben mit&#46;&#46;&#46;<\/p>\n","protected":false},"author":225,"featured_media":13322,"comment_status":"open","ping_status":"open","sticky":false,"template":"","format":"standard","meta":{"ngg_post_thumbnail":0,"footnotes":""},"categories":[161,1],"tags":[],"class_list":["post-13320","post","type-post","status-publish","format-standard","has-post-thumbnail","hentry","category-gemeinsam","category-glaube"],"_links":{"self":[{"href":"https:\/\/www.kirche-obercrinitz.de\/wordpress\/wp-json\/wp\/v2\/posts\/13320"}],"collection":[{"href":"https:\/\/www.kirche-obercrinitz.de\/wordpress\/wp-json\/wp\/v2\/posts"}],"about":[{"href":"https:\/\/www.kirche-obercrinitz.de\/wordpress\/wp-json\/wp\/v2\/types\/post"}],"author":[{"embeddable":true,"href":"https:\/\/www.kirche-obercrinitz.de\/wordpress\/wp-json\/wp\/v2\/users\/225"}],"replies":[{"embeddable":true,"href":"https:\/\/www.kirche-obercrinitz.de\/wordpress\/wp-json\/wp\/v2\/comments?post=13320"}],"version-history":[{"count":3,"href":"https:\/\/www.kirche-obercrinitz.de\/wordpress\/wp-json\/wp\/v2\/posts\/13320\/revisions"}],"predecessor-version":[{"id":13325,"href":"https:\/\/www.kirche-obercrinitz.de\/wordpress\/wp-json\/wp\/v2\/posts\/13320\/revisions\/13325"}],"wp:featuredmedia":[{"embeddable":true,"href":"https:\/\/www.kirche-obercrinitz.de\/wordpress\/wp-json\/wp\/v2\/media\/13322"}],"wp:attachment":[{"href":"https:\/\/www.kirche-obercrinitz.de\/wordpress\/wp-json\/wp\/v2\/media?parent=13320"}],"wp:term":[{"taxonomy":"category","embeddable":true,"href":"https:\/\/www.kirche-obercrinitz.de\/wordpress\/wp-json\/wp\/v2\/categories?post=13320"},{"taxonomy":"post_tag","embeddable":true,"href":"https:\/\/www.kirche-obercrinitz.de\/wordpress\/wp-json\/wp\/v2\/tags?post=13320"}],"curies":[{"name":"wp","href":"https:\/\/api.w.org\/{rel}","templated":true}]}}