{"id":12958,"date":"2021-02-02T13:22:00","date_gmt":"2021-02-02T12:22:00","guid":{"rendered":"http:\/\/www.kirche-obercrinitz.de\/wordpress\/?p=12958"},"modified":"2023-01-02T10:32:08","modified_gmt":"2023-01-02T09:32:08","slug":"ich-hebe-meine-augen-auf","status":"publish","type":"post","link":"https:\/\/www.kirche-obercrinitz.de\/wordpress\/2021\/02\/ich-hebe-meine-augen-auf\/","title":{"rendered":"&#8220;Ich hebe meine Augen auf &#8230;&#8221;"},"content":{"rendered":"\n<p>Liebe Geschwister,<\/p>\n\n\n\n<p>heute zu Lichtmess, 2. 2., m\u00f6chte ich alle herzlich gr\u00fc\u00dfen. Ja, jetzt ist die Weihnachtszeit leider wirklich vorbei. Aber das Weihnachtslicht Jesus leuchtet weiter. ER erhellt und erw\u00e4rmt unsere Herzen, K\u00f6pfe, Orte, Gemeinde, ja den ganzen Erdball. Ich denke dabei auch an die <a rel=\"noreferrer noopener\" href=\"https:\/\/www.ekd.de\/aktion-lichtfenster-62441.htm\" target=\"_blank\">Aktion Lichtfenster<\/a>.<\/p>\n\n\n\n<p>Und wir haben Licht in dieser Zeit n\u00f6tiger denn je. Viele Herausforderungen liegen oben auf: Die Corona-Pandemie, die Strukturver\u00e4nderungen, der f\u00fcnfmonatige Pfarrers-Krankheitsausfall &#8230; Dazu kommen pers\u00f6nliche Schicksale und Angelegenheiten. Ich kann nur ahnen, was das f\u00fcr jeden Einzelnen bedeuten mag. Ich denke z.B. an die neuen KV&#8217;ler &#8230; Das ist mal ein Start &#8211; Puh.<\/p>\n\n\n\n<p>Ich habe gestern in Ps 121 gelesen: &#8220;Ich hebe meine Augen auf zu den Bergen (von Sorgen, Problemen, Nachrichten, Mails, \u00c4ngsten, &#8230;), woher kommt mir Hilfe? Meine Hilfe kommt vom Herrn.&#8221; Ja, wir sind sehr zur\u00fcckgeworfen, zu vertrauen und uns in Seinen liebenden H\u00e4nden zu bergen. Dem\u00fctig, bescheiden, schwach &#8211; ja, diese Erfahrungen teilen viele in dieser Zeit der gro\u00dfen und kleinen Krisen. Davon kann ich auch ganz gut ein Lied singen. In aller Schwachheit h\u00f6ren wir die gro\u00dfe Ermutigung Gottes (2Kor 12 &#8211; aus der neu komplett herausgegeben Basisbibel): &#8220;Du brauchst nicht mehr als meine Gnade. Denn meine Kraft kommt gerade in der Schw\u00e4che voll zur Geltung.&#8221;<\/p>\n\n\n\n<p>An dieser Stelle verweise ich zudem auf den tr\u00f6stlichen Ermutigungsbrief unseres Bischofs Tobias Bilz (<a href=\"https:\/\/engagiert.evlks.de\/mitteilungen\/mitteilungen-fuer-haupt-und-ehrenamtliche\/mitteilung\/news\/detail\/News\/ermutigungsbrief-von-landesbischof-tobias-bilz\/\" data-type=\"URL\" data-id=\"https:\/\/engagiert.evlks.de\/mitteilungen\/mitteilungen-fuer-haupt-und-ehrenamtliche\/mitteilung\/news\/detail\/News\/ermutigungsbrief-von-landesbischof-tobias-bilz\/\" target=\"_blank\" rel=\"noreferrer noopener\">hier zum nachlesen).<\/a><\/p>\n\n\n\n<p>Da es etwas dauern wird, bis ich jeden wiedergesehen habe, werde ich einige kurze Infos zu mir auf diesem Wege weitergeben. Dies kann gern in den Gemeinden, Website und pers\u00f6nlich in guter angemessener Weise weitergegeben werden.<\/p>\n\n\n\n<p>Vielen herzlichen Dank f\u00fcr alles Engagement in den letzten Wochen und Monaten (und auch weiterhin ;-). Vieles wurde geschafft. Danke f\u00fcr alles Wirken, Organisieren und Gestalten des Gemeindelebens.<\/p>\n\n\n\n<p>Ich habe in dieser ersten Februar-Woche meinen Dienst wieder aufgenommen. Mit \u00e4rztlichem Attest und Hinweis von Supp. Pepel werde ich die kommenden drei Monate 50% arbeiten, danach evtl. drei Monate 75%. Was dies konkret hei\u00dft, werden wir schauen. Mein Fokus liegt sicherlich \u2013 in Absprache mit Supp. Pepel und stellvertretendem KV-Vorsitzenden Frank D\u00f6hler \u2013 v.a. auf Gottesdiensten (aber nicht im vollumf\u00e4nglichen Pensum), Kasualien, Konfiarbeit, Seelsorge, Gebet, Verwaltung und KV. Reduzieren bzw. weglassen werde ich u.a.: Gruppen und Kreise (sofern wieder zugelassen), Geburtstagsbesuche, Vertretungsdienste.<\/p>\n\n\n\n<p>Die Krankheitsphase war f\u00fcr mich und die Familie eine herausfordernde, schwere und intensive Zeit. Vieles hat mich und vieles habe ich bewegt. Es ist nun nicht einfach wieder alles gut, im Sinne von aufgetankt und wieder funktionierend. Danke auch f\u00fcr alle pers\u00f6nlichen Gr\u00fc\u00dfe und Gebete in dieser Zeit!<\/p>\n\n\n\n<p>Sicherlich habe und werde ich einige Lehren sowie Konsequenzen aus dieser Zeit ziehen. Wie diese konkret aussehen werden, ist derzeit noch nicht g\u00e4nzlich klar. Manches will ich ver\u00e4ndern, auf den Pr\u00fcfstand stellen, anders machen als vorher. Ich bin auf dem Weg.<\/p>\n\n\n\n<p>Wer Fragen bzw. ein organisatorisches oder seelsorgerliches Anliegen hat, melde sich gern bei mir (Mail oder Handy).<\/p>\n\n\n\n<p>Danke und viele herzliche Segensgr\u00fc\u00dfe,<\/p>\n\n\n\n<p>Ihr und Euer Pfr. Jonas Gro\u00dfmann<\/p>\n","protected":false},"excerpt":{"rendered":"<p>Liebe Geschwister, heute zu Lichtmess, 2. 2., m\u00f6chte ich alle herzlich gr\u00fc\u00dfen. Ja, jetzt ist die Weihnachtszeit leider wirklich vorbei. Aber das Weihnachtslicht Jesus leuchtet weiter. ER erhellt und erw\u00e4rmt unsere Herzen, K\u00f6pfe, Orte,&#46;&#46;&#46;<\/p>\n","protected":false},"author":225,"featured_media":12377,"comment_status":"open","ping_status":"open","sticky":false,"template":"","format":"standard","meta":{"ngg_post_thumbnail":0,"footnotes":""},"categories":[161,1],"tags":[],"class_list":["post-12958","post","type-post","status-publish","format-standard","has-post-thumbnail","hentry","category-gemeinsam","category-glaube"],"_links":{"self":[{"href":"https:\/\/www.kirche-obercrinitz.de\/wordpress\/wp-json\/wp\/v2\/posts\/12958"}],"collection":[{"href":"https:\/\/www.kirche-obercrinitz.de\/wordpress\/wp-json\/wp\/v2\/posts"}],"about":[{"href":"https:\/\/www.kirche-obercrinitz.de\/wordpress\/wp-json\/wp\/v2\/types\/post"}],"author":[{"embeddable":true,"href":"https:\/\/www.kirche-obercrinitz.de\/wordpress\/wp-json\/wp\/v2\/users\/225"}],"replies":[{"embeddable":true,"href":"https:\/\/www.kirche-obercrinitz.de\/wordpress\/wp-json\/wp\/v2\/comments?post=12958"}],"version-history":[{"count":3,"href":"https:\/\/www.kirche-obercrinitz.de\/wordpress\/wp-json\/wp\/v2\/posts\/12958\/revisions"}],"predecessor-version":[{"id":12968,"href":"https:\/\/www.kirche-obercrinitz.de\/wordpress\/wp-json\/wp\/v2\/posts\/12958\/revisions\/12968"}],"wp:featuredmedia":[{"embeddable":true,"href":"https:\/\/www.kirche-obercrinitz.de\/wordpress\/wp-json\/wp\/v2\/media\/12377"}],"wp:attachment":[{"href":"https:\/\/www.kirche-obercrinitz.de\/wordpress\/wp-json\/wp\/v2\/media?parent=12958"}],"wp:term":[{"taxonomy":"category","embeddable":true,"href":"https:\/\/www.kirche-obercrinitz.de\/wordpress\/wp-json\/wp\/v2\/categories?post=12958"},{"taxonomy":"post_tag","embeddable":true,"href":"https:\/\/www.kirche-obercrinitz.de\/wordpress\/wp-json\/wp\/v2\/tags?post=12958"}],"curies":[{"name":"wp","href":"https:\/\/api.w.org\/{rel}","templated":true}]}}