{"id":12302,"date":"2020-05-10T19:50:00","date_gmt":"2020-05-10T17:50:00","guid":{"rendered":"http:\/\/www.kirche-obercrinitz.de\/wordpress\/?p=12302"},"modified":"2023-01-02T09:54:13","modified_gmt":"2023-01-02T08:54:13","slug":"familienkirche","status":"publish","type":"post","link":"https:\/\/www.kirche-obercrinitz.de\/wordpress\/2020\/05\/familienkirche\/","title":{"rendered":"Familienkirche"},"content":{"rendered":"\n<figure class=\"wp-block-image size-large is-resized\"><img loading=\"lazy\" decoding=\"async\" src=\"https:\/\/www.kirche-obercrinitz.de\/wordpress\/wp-content\/uploads\/2020\/06\/Familienkirche-1-952x1024.png\" alt=\"\" class=\"wp-image-12329\" width=\"550\" height=\"769\"\/><\/figure>\n\n\n\n<p>Wir m\u00f6chten gern mit allen Familien aus Wildenau, Obercrinitz und<br>Stangengr\u00fcn gemeinsam Familienkirche feiern.<\/p>\n\n\n\n<ul class=\"wp-block-list\"><li>am 14.06.20 in Stangengr\u00fcn<\/li><\/ul>\n\n\n\n<ul class=\"wp-block-list\"><li>am 28.06.20 in Wildenau und<\/li><\/ul>\n\n\n\n<ul class=\"wp-block-list\"><li>am 12.07.20 in Obercrinitz<\/li><\/ul>\n\n\n\n<p class=\"has-text-align-center\">Deshalb, liebe Eltern und liebe Kinder aller drei Gemeinden <\/p>\n\n\n\n<p class=\"has-text-align-center\"><strong><span class=\"has-inline-color has-vivid-purple-color\">Herzliche Einladung<\/span><\/strong> <\/p>\n\n\n\n<p class=\"has-text-align-center\">zu unserer ersten Familienkirche<br>auf der gro\u00dfen Wiese vor der Kirche in Stangengr\u00fcn.<br>Wir wollen gemeinsam in fr\u00f6hlicher Runde zusammen sein, von Gott h\u00f6ren und ihn preisen und loben. Bringt bitte <strong>1 Picknickdecke<\/strong> f\u00fcr eure Familie mit.<\/p>\n\n\n\n<p><\/p>\n","protected":false},"excerpt":{"rendered":"<p>Wir m\u00f6chten gern mit allen Familien aus Wildenau, Obercrinitz undStangengr\u00fcn gemeinsam Familienkirche feiern. am 14.06.20 in Stangengr\u00fcn am 28.06.20 in Wildenau und am 12.07.20 in Obercrinitz Deshalb, liebe Eltern und liebe Kinder aller drei&#46;&#46;&#46;<\/p>\n","protected":false},"author":8,"featured_media":12332,"comment_status":"open","ping_status":"open","sticky":false,"template":"","format":"standard","meta":{"ngg_post_thumbnail":0,"footnotes":""},"categories":[161],"tags":[],"class_list":["post-12302","post","type-post","status-publish","format-standard","has-post-thumbnail","hentry","category-gemeinsam"],"_links":{"self":[{"href":"https:\/\/www.kirche-obercrinitz.de\/wordpress\/wp-json\/wp\/v2\/posts\/12302"}],"collection":[{"href":"https:\/\/www.kirche-obercrinitz.de\/wordpress\/wp-json\/wp\/v2\/posts"}],"about":[{"href":"https:\/\/www.kirche-obercrinitz.de\/wordpress\/wp-json\/wp\/v2\/types\/post"}],"author":[{"embeddable":true,"href":"https:\/\/www.kirche-obercrinitz.de\/wordpress\/wp-json\/wp\/v2\/users\/8"}],"replies":[{"embeddable":true,"href":"https:\/\/www.kirche-obercrinitz.de\/wordpress\/wp-json\/wp\/v2\/comments?post=12302"}],"version-history":[{"count":7,"href":"https:\/\/www.kirche-obercrinitz.de\/wordpress\/wp-json\/wp\/v2\/posts\/12302\/revisions"}],"predecessor-version":[{"id":12333,"href":"https:\/\/www.kirche-obercrinitz.de\/wordpress\/wp-json\/wp\/v2\/posts\/12302\/revisions\/12333"}],"wp:featuredmedia":[{"embeddable":true,"href":"https:\/\/www.kirche-obercrinitz.de\/wordpress\/wp-json\/wp\/v2\/media\/12332"}],"wp:attachment":[{"href":"https:\/\/www.kirche-obercrinitz.de\/wordpress\/wp-json\/wp\/v2\/media?parent=12302"}],"wp:term":[{"taxonomy":"category","embeddable":true,"href":"https:\/\/www.kirche-obercrinitz.de\/wordpress\/wp-json\/wp\/v2\/categories?post=12302"},{"taxonomy":"post_tag","embeddable":true,"href":"https:\/\/www.kirche-obercrinitz.de\/wordpress\/wp-json\/wp\/v2\/tags?post=12302"}],"curies":[{"name":"wp","href":"https:\/\/api.w.org\/{rel}","templated":true}]}}