{"id":1192,"date":"2011-02-15T10:05:24","date_gmt":"2011-02-15T09:05:24","guid":{"rendered":"http:\/\/www.kirche-obercrinitz.de\/wordpress\/?p=1192"},"modified":"2023-01-02T08:58:58","modified_gmt":"2023-01-02T07:58:58","slug":"let-me-tell-you-good-news","status":"publish","type":"post","link":"https:\/\/www.kirche-obercrinitz.de\/wordpress\/2011\/02\/let-me-tell-you-good-news\/","title":{"rendered":"&#8220;Let me tell you good news&#8221;"},"content":{"rendered":"<p><img loading=\"lazy\" decoding=\"async\" class=\"ngg-singlepic ngg-left\" src=\"https:\/\/www.kirche-obercrinitz.de\/wordpress\/wp-content\/gallery\/mittendrin-am-14-02-2010\/09102-023.jpg\" alt=\"09102-023\" width=\"269\" height=\"202\" \/>Ja, das sind wirklich mal gute Neuigkeiten. Es wird wieder beschwingt in unserer Kirche, und zwar am n\u00e4chsten Sonntag.<br \/>\nDer Jugend-Gospelchor aus Dresden mit Kantor Krauth\u00f6fer m\u00f6chte uns auch dieses Jahr mit seinen fr\u00f6hlichen Liedern zum Mitsingen animieren. Wer Lust auf gute Musik und gute Nachrichten hat, ist herzlich um 9.30\u00a0 Uhr zum Gottesdienst eingeladen.<\/p>\n","protected":false},"excerpt":{"rendered":"<p>Ja, das sind wirklich mal gute Neuigkeiten. Es wird wieder beschwingt in unserer Kirche, und zwar am n\u00e4chsten Sonntag. Der Jugend-Gospelchor aus Dresden mit Kantor Krauth\u00f6fer m\u00f6chte uns auch dieses Jahr mit seinen fr\u00f6hlichen&#46;&#46;&#46;<\/p>\n","protected":false},"author":32,"featured_media":0,"comment_status":"open","ping_status":"open","sticky":false,"template":"","format":"standard","meta":{"ngg_post_thumbnail":0,"footnotes":""},"categories":[158],"tags":[],"class_list":["post-1192","post","type-post","status-publish","format-standard","hentry","category-obercrinitz"],"_links":{"self":[{"href":"https:\/\/www.kirche-obercrinitz.de\/wordpress\/wp-json\/wp\/v2\/posts\/1192"}],"collection":[{"href":"https:\/\/www.kirche-obercrinitz.de\/wordpress\/wp-json\/wp\/v2\/posts"}],"about":[{"href":"https:\/\/www.kirche-obercrinitz.de\/wordpress\/wp-json\/wp\/v2\/types\/post"}],"author":[{"embeddable":true,"href":"https:\/\/www.kirche-obercrinitz.de\/wordpress\/wp-json\/wp\/v2\/users\/32"}],"replies":[{"embeddable":true,"href":"https:\/\/www.kirche-obercrinitz.de\/wordpress\/wp-json\/wp\/v2\/comments?post=1192"}],"version-history":[{"count":7,"href":"https:\/\/www.kirche-obercrinitz.de\/wordpress\/wp-json\/wp\/v2\/posts\/1192\/revisions"}],"predecessor-version":[{"id":3836,"href":"https:\/\/www.kirche-obercrinitz.de\/wordpress\/wp-json\/wp\/v2\/posts\/1192\/revisions\/3836"}],"wp:attachment":[{"href":"https:\/\/www.kirche-obercrinitz.de\/wordpress\/wp-json\/wp\/v2\/media?parent=1192"}],"wp:term":[{"taxonomy":"category","embeddable":true,"href":"https:\/\/www.kirche-obercrinitz.de\/wordpress\/wp-json\/wp\/v2\/categories?post=1192"},{"taxonomy":"post_tag","embeddable":true,"href":"https:\/\/www.kirche-obercrinitz.de\/wordpress\/wp-json\/wp\/v2\/tags?post=1192"}],"curies":[{"name":"wp","href":"https:\/\/api.w.org\/{rel}","templated":true}]}}